{"id":4841,"date":"2015-08-17T08:53:42","date_gmt":"2015-08-17T11:53:42","guid":{"rendered":"http:\/\/www.fumssar.com.br\/?p=4841"},"modified":"2024-10-07T16:35:56","modified_gmt":"2024-10-07T19:35:56","slug":"inaugurada-a-reforma-e-ampliacao-do-posto-de-saude-do-centro","status":"publish","type":"post","link":"https:\/\/www.fumssar.com.br\/?p=4841","title":{"rendered":"Inaugurada a reforma e amplia\u00e7\u00e3o do Posto de Sa\u00fade do Centro"},"content":{"rendered":"<p>A Administra\u00e7\u00e3o Municipal de Santa Rosa, atrav\u00e9s da Funda\u00e7\u00e3o Municipal de Sa\u00fade \u2013 FUMSSAR, inaugurou na tarde desta sexta-feira,(14), a reforma e amplia\u00e7\u00e3o do Posto de Sa\u00fade do Centro,conhecido como Post\u00e3o. Inaugurado em 9 de agosto de 1975, durante a gest\u00e3o do ent\u00e3o Prefeito Anacleto Luiz Giovelli o posto necessitava de novos investimentos na sua estrutura para atender a demanda dos usu\u00e1rios do SUS. Foram ampliados o n\u00famero de consult\u00f3rios e salas de atendimentos dos profissionais, bem como adequa\u00e7\u00f5es modernas em conformidade com as legisla\u00e7\u00f5es vigentes. A coordenadora da unidade Jacinta Lundin destacou em seu pronunciamento a import\u00e2ncia dos investimentos realizados, frisando que ir\u00e1 qualificar ainda mais o trabalho realizado pela equipe. O presidente da FUMSSAR e Vice-prefeito do Munic\u00edpio Dr. Lu\u00eds Ant\u00f4nio Benvegn\u00fa, ressaltou que h\u00e1 muito tempo j\u00e1 era esperado estes investimentos na unidade, e que hoje se tornou realidade. Benvegn\u00fa destacou ainda que na \u00e9poca em que o posto foi constru\u00eddo a realidade era totalmente diferente, tanto nos servi\u00e7os ofertados bem como nos equipamentos utilizados. \u201c H\u00e1 quarenta anos atr\u00e1s o p\u00fablico era bem menor que o atual, e os equipamentos eram outros, hoje estamos entregando uma unidade que condiz com a realidade\u201d destacou o presidente. O prefeito Alcides Vicini frisou que a atual gest\u00e3o municipal tem um cuidado muito especial na aplica\u00e7\u00e3o de recursos, focando sempre o interesse p\u00fablico e bem estar da comunidade. Vicini destacou que \u00e9 mais uma obra que seu governo entrega para a comunidade, e que ir\u00e1\u00a0\u00a0\u00a0 beneficia\u00a0\u00a0\u00a0\u00a0 a popula\u00e7\u00e3o. No ano em que completa 20 anos de exist\u00eancia a FUMSSAR, tem homenageado pessoas e entidades que contribu\u00edram com o fortalecimento da sa\u00fade no munic\u00edpio, e durante o ato inaugural a equipe de sa\u00fade da fam\u00edlia do posto do centro, e o Ex-prefeito Anacleto Luiz Giovelli receberam o trof\u00e9u 20 anos da FUMSSAR.<\/p>\n<p>\u00a0<a href=\"http:\/\/www.fumssar.com.br\/wp-content\/uploads\/2015\/08\/posto-do-centro-inau.jpg\"><img loading=\"lazy\" decoding=\"async\" class=\"alignnone size-medium wp-image-4843\" alt=\"posto do centro inau\" src=\"http:\/\/www.fumssar.com.br\/wp-content\/uploads\/2015\/08\/posto-do-centro-inau-300x225.jpg\" width=\"300\" height=\"225\" srcset=\"https:\/\/www.fumssar.com.br\/wp-content\/uploads\/2015\/08\/posto-do-centro-inau-300x225.jpg 300w, https:\/\/www.fumssar.com.br\/wp-content\/uploads\/2015\/08\/posto-do-centro-inau.jpg 800w\" sizes=\"(max-width: 300px) 100vw, 300px\" \/><\/a><\/p>\n","protected":false},"excerpt":{"rendered":"<p>A Administra\u00e7\u00e3o Municipal de Santa Rosa, atrav\u00e9s da Funda\u00e7\u00e3o Municipal de Sa\u00fade \u2013 FUMSSAR, inaugurou&#8230;<\/p>\n","protected":false},"author":11,"featured_media":4842,"comment_status":"open","ping_status":"open","sticky":false,"template":"","format":"standard","meta":{"footnotes":""},"categories":[2],"tags":[],"_links":{"self":[{"href":"https:\/\/www.fumssar.com.br\/index.php?rest_route=\/wp\/v2\/posts\/4841"}],"collection":[{"href":"https:\/\/www.fumssar.com.br\/index.php?rest_route=\/wp\/v2\/posts"}],"about":[{"href":"https:\/\/www.fumssar.com.br\/index.php?rest_route=\/wp\/v2\/types\/post"}],"author":[{"embeddable":true,"href":"https:\/\/www.fumssar.com.br\/index.php?rest_route=\/wp\/v2\/users\/11"}],"replies":[{"embeddable":true,"href":"https:\/\/www.fumssar.com.br\/index.php?rest_route=%2Fwp%2Fv2%2Fcomments&post=4841"}],"version-history":[{"count":1,"href":"https:\/\/www.fumssar.com.br\/index.php?rest_route=\/wp\/v2\/posts\/4841\/revisions"}],"predecessor-version":[{"id":4844,"href":"https:\/\/www.fumssar.com.br\/index.php?rest_route=\/wp\/v2\/posts\/4841\/revisions\/4844"}],"wp:featuredmedia":[{"embeddable":true,"href":"https:\/\/www.fumssar.com.br\/index.php?rest_route=\/wp\/v2\/media\/4842"}],"wp:attachment":[{"href":"https:\/\/www.fumssar.com.br\/index.php?rest_route=%2Fwp%2Fv2%2Fmedia&parent=4841"}],"wp:term":[{"taxonomy":"category","embeddable":true,"href":"https:\/\/www.fumssar.com.br\/index.php?rest_route=%2Fwp%2Fv2%2Fcategories&post=4841"},{"taxonomy":"post_tag","embeddable":true,"href":"https:\/\/www.fumssar.com.br\/index.php?rest_route=%2Fwp%2Fv2%2Ftags&post=4841"}],"curies":[{"name":"wp","href":"https:\/\/api.w.org\/{rel}","templated":true}]}}