{"id":4838,"date":"2015-08-13T11:29:06","date_gmt":"2015-08-13T14:29:06","guid":{"rendered":"http:\/\/www.fumssar.com.br\/?p=4838"},"modified":"2024-10-07T16:35:56","modified_gmt":"2024-10-07T19:35:56","slug":"comunidade-do-manchinha-recebeu-academia-de-saude","status":"publish","type":"post","link":"https:\/\/www.fumssar.com.br\/?p=4838","title":{"rendered":"Comunidade do Manchinha recebeu  Academia de Sa\u00fade"},"content":{"rendered":"<p>Inaugurada na manh\u00e3 de \u00a0domingo,09, mais uma academia de sa\u00fade no munic\u00edpio de Santa Rosa. A Administra\u00e7\u00e3o Municipal, atrav\u00e9s da Funda\u00e7\u00e3o Municipal de Sa\u00fade realizou a entrega para a comunidade do Manchinha, \u00a0a 3\u00aa academia no interior do munic\u00edpio. Autoridades, lideran\u00e7as e membros da comunidade participaram do ato inaugural. O presidente da Comunidade\u00a0 Clairton\u00a0 Diniz\u00a0 destacou\u00a0 que para a comunidade \u00e9 muito importante os equipamentos instalados para a pr\u00e1tica de exerc\u00edcios. O diretor administrativo da FUMSSAR, Aldair Melchior ressaltou que a implanta\u00e7\u00e3o da academia \u00a0foi\u00a0 com recursos pr\u00f3prios e ir\u00e3o beneficiar os moradores que poder\u00e3o desfrutar dos equipamentos em favor da sa\u00fade preventiva. Para o presidente da Funda\u00e7\u00e3o Dr. Lu\u00eds Ant\u00f4nio Benvegn\u00fa a academia \u00e9 mais um mecanismo a servi\u00e7o da sa\u00fade preventiva, proporcionando aos moradores melhorar a qualidade de vida. Lideran\u00e7as e autoridades\u00a0 prestigiaram o\u00a0\u00a0 evento.<\/p>\n","protected":false},"excerpt":{"rendered":"<p>Inaugurada na manh\u00e3 de \u00a0domingo,09, mais uma academia de sa\u00fade no munic\u00edpio de Santa Rosa&#8230;.<\/p>\n","protected":false},"author":11,"featured_media":4839,"comment_status":"open","ping_status":"open","sticky":false,"template":"","format":"standard","meta":{"footnotes":""},"categories":[2],"tags":[],"_links":{"self":[{"href":"https:\/\/www.fumssar.com.br\/index.php?rest_route=\/wp\/v2\/posts\/4838"}],"collection":[{"href":"https:\/\/www.fumssar.com.br\/index.php?rest_route=\/wp\/v2\/posts"}],"about":[{"href":"https:\/\/www.fumssar.com.br\/index.php?rest_route=\/wp\/v2\/types\/post"}],"author":[{"embeddable":true,"href":"https:\/\/www.fumssar.com.br\/index.php?rest_route=\/wp\/v2\/users\/11"}],"replies":[{"embeddable":true,"href":"https:\/\/www.fumssar.com.br\/index.php?rest_route=%2Fwp%2Fv2%2Fcomments&post=4838"}],"version-history":[{"count":1,"href":"https:\/\/www.fumssar.com.br\/index.php?rest_route=\/wp\/v2\/posts\/4838\/revisions"}],"predecessor-version":[{"id":4840,"href":"https:\/\/www.fumssar.com.br\/index.php?rest_route=\/wp\/v2\/posts\/4838\/revisions\/4840"}],"wp:featuredmedia":[{"embeddable":true,"href":"https:\/\/www.fumssar.com.br\/index.php?rest_route=\/wp\/v2\/media\/4839"}],"wp:attachment":[{"href":"https:\/\/www.fumssar.com.br\/index.php?rest_route=%2Fwp%2Fv2%2Fmedia&parent=4838"}],"wp:term":[{"taxonomy":"category","embeddable":true,"href":"https:\/\/www.fumssar.com.br\/index.php?rest_route=%2Fwp%2Fv2%2Fcategories&post=4838"},{"taxonomy":"post_tag","embeddable":true,"href":"https:\/\/www.fumssar.com.br\/index.php?rest_route=%2Fwp%2Fv2%2Ftags&post=4838"}],"curies":[{"name":"wp","href":"https:\/\/api.w.org\/{rel}","templated":true}]}}