{"id":4831,"date":"2015-08-12T09:36:29","date_gmt":"2015-08-12T12:36:29","guid":{"rendered":"http:\/\/www.fumssar.com.br\/?p=4831"},"modified":"2024-10-07T16:35:56","modified_gmt":"2024-10-07T19:35:56","slug":"campanha-nacional-de-vacinacao-contra-a-poliomielite-e-multivacinacao-inicia-no-proximo-sabado","status":"publish","type":"post","link":"https:\/\/www.fumssar.com.br\/?p=4831","title":{"rendered":"Campanha Nacional de Vacina\u00e7\u00e3o contra a Poliomielite e Multivacina\u00e7\u00e3o inicia no pr\u00f3ximo s\u00e1bado"},"content":{"rendered":"<p>A Funda\u00e7\u00e3o Municipal de Sa\u00fade de Santa Rosa mobilizar\u00e1 todo o munic\u00edpio para mais uma edi\u00e7\u00e3o da Campanha Nacional de Vacina\u00e7\u00e3o contra Poliomielite (Paralisia Infantil) e Campanha de Multivacina\u00e7\u00e3o, que ocorre do dia 15 ao dia 28 de agosto de 2015, e est\u00e1 alertando todos os pais e respons\u00e1veis pelas crian\u00e7as menores de 5 anos sobre a import\u00e2ncia das vacinas. O s\u00e1bado, dia 15 de agosto, ser\u00e1 o dia D de mobiliza\u00e7\u00e3o nacional e todos os postos de sa\u00fade estar\u00e3o abertos das 08 \u00e0s 17 horas, sem fechar ao meio dia, na \u00e1rea urbana, e das 8 \u00e0s 12 horas na \u00e1rea rural, com exce\u00e7\u00e3o do posto de sa\u00fade de Guia Lopes que funcionar\u00e1 tamb\u00e9m das 08 \u00e0s 17 horas. N\u00e3o haver\u00e1 vacina\u00e7\u00e3o em postos volantes, somente nos postos de sa\u00fade.A popula\u00e7\u00e3o alvo de Santa Rosa para a campanha contra a poliomielite \u00e9 de 3735 crian\u00e7as (maiores de 6 meses e menores de 5 anos). A meta estabelecida pelo Minist\u00e9rio da Sa\u00fade \u00e9 vacinar, no m\u00ednimo, 95%\u00a0 do p\u00fablico alvo. \u00c9 importante salientar que, embora a erradica\u00e7\u00e3o da poliomielite esteja avan\u00e7ando, pa\u00edses como o Brasil, livres da doen\u00e7a, precisam manter altas e homog\u00eaneas coberturas vacinais a fim de evitar a reintrodu\u00e7\u00e3o do v\u00edrus, uma vez que ainda existem alguns pa\u00edses da \u00c1frica e \u00c1sia registrando casos da doen\u00e7a. \u00a0O objetivo da campanha de multivacina\u00e7\u00e3o \u00e9 vacinar as crian\u00e7as menores de cinco anos que estejam com alguma vacina em atraso, atualizando o calend\u00e1rio vacinal e mantendo boas coberturas vacinais para todas as vacinas.<\/p>\n<p>&nbsp;<\/p>\n<p>&nbsp;<\/p>\n<p><b>Quem deve ser vacinado durante a campanha? <\/b><\/p>\n<p>Todas as crian\u00e7as com mais de 6 meses e menos de 5 anos dever\u00e3o receber as gotinhas da vacina contra poliomielite (paralisia infantil), independente de estarem com suas vacinas em dia ou n\u00e3o. Al\u00e9m disso, se alguma outra vacina estiver em atraso, a crian\u00e7a ter\u00e1 a oportunidade de juntamente com a p\u00f3lio, receber as demais vacinas.<\/p>\n<p>&nbsp;<\/p>\n<p><b>O que n\u00e3o se pode esquecer?<\/b><\/p>\n<p>\u00a0\u00a0\u00a0\u00a0\u00a0\u00a0\u00a0\u00a0\u00a0\u00a0\u00a0 O cart\u00e3o de vacinas. \u00c9 muito importante que os pais e\/ou respons\u00e1veis pelas crian\u00e7as procurem o posto de sa\u00fade ao qual pertencem, levando sempre o cart\u00e3o de vacinas da crian\u00e7a. <b><\/b><\/p>\n<p>&nbsp;<\/p>\n","protected":false},"excerpt":{"rendered":"<p>A Funda\u00e7\u00e3o Municipal de Sa\u00fade de Santa Rosa mobilizar\u00e1 todo o munic\u00edpio para mais uma&#8230;<\/p>\n","protected":false},"author":11,"featured_media":4832,"comment_status":"open","ping_status":"open","sticky":false,"template":"","format":"standard","meta":{"footnotes":""},"categories":[2],"tags":[],"_links":{"self":[{"href":"https:\/\/www.fumssar.com.br\/index.php?rest_route=\/wp\/v2\/posts\/4831"}],"collection":[{"href":"https:\/\/www.fumssar.com.br\/index.php?rest_route=\/wp\/v2\/posts"}],"about":[{"href":"https:\/\/www.fumssar.com.br\/index.php?rest_route=\/wp\/v2\/types\/post"}],"author":[{"embeddable":true,"href":"https:\/\/www.fumssar.com.br\/index.php?rest_route=\/wp\/v2\/users\/11"}],"replies":[{"embeddable":true,"href":"https:\/\/www.fumssar.com.br\/index.php?rest_route=%2Fwp%2Fv2%2Fcomments&post=4831"}],"version-history":[{"count":1,"href":"https:\/\/www.fumssar.com.br\/index.php?rest_route=\/wp\/v2\/posts\/4831\/revisions"}],"predecessor-version":[{"id":4833,"href":"https:\/\/www.fumssar.com.br\/index.php?rest_route=\/wp\/v2\/posts\/4831\/revisions\/4833"}],"wp:featuredmedia":[{"embeddable":true,"href":"https:\/\/www.fumssar.com.br\/index.php?rest_route=\/wp\/v2\/media\/4832"}],"wp:attachment":[{"href":"https:\/\/www.fumssar.com.br\/index.php?rest_route=%2Fwp%2Fv2%2Fmedia&parent=4831"}],"wp:term":[{"taxonomy":"category","embeddable":true,"href":"https:\/\/www.fumssar.com.br\/index.php?rest_route=%2Fwp%2Fv2%2Fcategories&post=4831"},{"taxonomy":"post_tag","embeddable":true,"href":"https:\/\/www.fumssar.com.br\/index.php?rest_route=%2Fwp%2Fv2%2Ftags&post=4831"}],"curies":[{"name":"wp","href":"https:\/\/api.w.org\/{rel}","templated":true}]}}