{"id":4797,"date":"2015-08-05T11:06:06","date_gmt":"2015-08-05T14:06:06","guid":{"rendered":"http:\/\/www.fumssar.com.br\/?p=4797"},"modified":"2024-10-07T16:35:56","modified_gmt":"2024-10-07T19:35:56","slug":"entregue-mais-uma-academia-de-saude-em-santa-rosa","status":"publish","type":"post","link":"https:\/\/www.fumssar.com.br\/?p=4797","title":{"rendered":"Entregue mais uma Academia de Sa\u00fade em Santa Rosa"},"content":{"rendered":"<p>A Vila J\u00falio de Oliveira disp\u00f5e de uma academia de sa\u00fade para a realiza\u00e7\u00e3o de exerc\u00edcios f\u00edsicos. A obra foi entregue \u00e0 comunidade num ato realizado na tarde desta ter\u00e7a-feira, (4), com a presen\u00e7a de lideran\u00e7as e autoridades. A inaugura\u00e7\u00e3o oficial para o descerramento da placa inaugural ser\u00e1 marcada para breve. A academia foi constru\u00edda com recursos federais, atrav\u00e9s de emenda parlamentar do deputado federal Osmar Terra e com contrapartida do munic\u00edpio. O presidente da Associa\u00e7\u00e3o de Moradores Jos\u00e9 Carlos de Oliveira destacou a import\u00e2ncia para a \u00a0comunidade \u00a0em estar recebendo um investimento de suma import\u00e2ncia para os moradores. O diretor da Gest\u00e3o Administrativa da Funda\u00e7\u00e3o Municipal de Sa\u00fade-FUMSSAR Aldair Melchior, destacou que a obra foi executada conforme determina o Minist\u00e9rio da Sa\u00fade e que \u00e9 a 9\u00aa academia que est\u00e1 sendo entregue na atual administra\u00e7\u00e3o. O vereador Valdemar Fonseca manifestou-se em nome do deputado Terra ressaltando que \u00e9 mais um benef\u00edcio que a comunidade da J\u00falio de Oliveira conquista, tendo em vista a atua\u00e7\u00e3o do representante local no parlamento federal. Para o presidente da FUMSSAR, Dr. Lu\u00eds Ant\u00f4nio Benvegn\u00fa, as academias de sa\u00fade s\u00e3o mecanismos que se somam a outros que contribuem para a sa\u00fade preventiva da popula\u00e7\u00e3o, pois estando dispon\u00edveis com acessos f\u00e1ceis aos mun\u00edcipes permitem \u00e0 pr\u00e1tica de exerc\u00edcios, gerando mais qualidade de vida. Benvegn\u00fa frisou que em breve ser\u00e1 realizada a inaugura\u00e7\u00e3o oficial, com a presen\u00e7a do deputado Terra autor da emenda. \u201cTemos que reconhecer o empenho do deputado, e \u00e9 justo que fa\u00e7amos um evento com o reconhecimento pelo seu ato de apresentar a emenda que viabilizou esta obra\u201d finalizou o presidente que ressaltou que o deputado esteve h\u00e1 alguns dias atr\u00e1s visitando a obra da vila J\u00falio de Oliveira.<\/p>\n<p>&nbsp;<\/p>\n<p><a href=\"http:\/\/www.fumssar.com.br\/wp-content\/uploads\/2015\/08\/academia-julio-2.jpg\"><img loading=\"lazy\" decoding=\"async\" class=\"alignnone size-medium wp-image-4799\" alt=\"academia julio 2\" src=\"http:\/\/www.fumssar.com.br\/wp-content\/uploads\/2015\/08\/academia-julio-2-300x225.jpg\" width=\"300\" height=\"225\" srcset=\"https:\/\/www.fumssar.com.br\/wp-content\/uploads\/2015\/08\/academia-julio-2-300x225.jpg 300w, https:\/\/www.fumssar.com.br\/wp-content\/uploads\/2015\/08\/academia-julio-2-1024x768.jpg 1024w, https:\/\/www.fumssar.com.br\/wp-content\/uploads\/2015\/08\/academia-julio-2.jpg 1600w\" sizes=\"(max-width: 300px) 100vw, 300px\" \/><\/a><\/p>\n","protected":false},"excerpt":{"rendered":"<p>A Vila J\u00falio de Oliveira disp\u00f5e de uma academia de sa\u00fade para a realiza\u00e7\u00e3o de&#8230;<\/p>\n","protected":false},"author":11,"featured_media":4798,"comment_status":"open","ping_status":"open","sticky":false,"template":"","format":"standard","meta":{"footnotes":""},"categories":[2],"tags":[],"_links":{"self":[{"href":"https:\/\/www.fumssar.com.br\/index.php?rest_route=\/wp\/v2\/posts\/4797"}],"collection":[{"href":"https:\/\/www.fumssar.com.br\/index.php?rest_route=\/wp\/v2\/posts"}],"about":[{"href":"https:\/\/www.fumssar.com.br\/index.php?rest_route=\/wp\/v2\/types\/post"}],"author":[{"embeddable":true,"href":"https:\/\/www.fumssar.com.br\/index.php?rest_route=\/wp\/v2\/users\/11"}],"replies":[{"embeddable":true,"href":"https:\/\/www.fumssar.com.br\/index.php?rest_route=%2Fwp%2Fv2%2Fcomments&post=4797"}],"version-history":[{"count":1,"href":"https:\/\/www.fumssar.com.br\/index.php?rest_route=\/wp\/v2\/posts\/4797\/revisions"}],"predecessor-version":[{"id":4801,"href":"https:\/\/www.fumssar.com.br\/index.php?rest_route=\/wp\/v2\/posts\/4797\/revisions\/4801"}],"wp:featuredmedia":[{"embeddable":true,"href":"https:\/\/www.fumssar.com.br\/index.php?rest_route=\/wp\/v2\/media\/4798"}],"wp:attachment":[{"href":"https:\/\/www.fumssar.com.br\/index.php?rest_route=%2Fwp%2Fv2%2Fmedia&parent=4797"}],"wp:term":[{"taxonomy":"category","embeddable":true,"href":"https:\/\/www.fumssar.com.br\/index.php?rest_route=%2Fwp%2Fv2%2Fcategories&post=4797"},{"taxonomy":"post_tag","embeddable":true,"href":"https:\/\/www.fumssar.com.br\/index.php?rest_route=%2Fwp%2Fv2%2Ftags&post=4797"}],"curies":[{"name":"wp","href":"https:\/\/api.w.org\/{rel}","templated":true}]}}