{"id":4793,"date":"2015-08-05T09:09:35","date_gmt":"2015-08-05T12:09:35","guid":{"rendered":"http:\/\/www.fumssar.com.br\/?p=4793"},"modified":"2024-10-07T16:35:56","modified_gmt":"2024-10-07T19:35:56","slug":"mais-servidores-receberam-curso-de-autoconhecimento-e-relacionamento-interpessoal","status":"publish","type":"post","link":"https:\/\/www.fumssar.com.br\/?p=4793","title":{"rendered":"Mais servidores receberam curso de Autoconhecimento e Relacionamento  Interpessoal"},"content":{"rendered":"<p>Mais duas turmas de diretores, coordenadores e gerentes\u00a0 da Funda\u00e7\u00e3o Municipal de Sa\u00fade-FUMSSAR, participaram do curso de \u201c Autoconhecimento\u00a0 e Relacionamento Interpessoal\u201d, pensando em qualificar ainda mais o atendimento nas unidades e setores, FUMSSAR atrav\u00e9s do\u00a0 Servi\u00e7o Nacional de Aprendizagem Rural- SENAR\/RS, O curso ministrado pela\u00a0 Psic\u00f3loga Charlize Naiana Griebler\u00a0 tratou de temas\u00a0 como autoconhecimento, valores pessoais, \u00e9tica, motiva\u00e7\u00e3o relacionamento interpessoal\u00a0 planejamento em v\u00e1rias a\u00e7\u00f5es.\u00a0 O objetivo do curso \u00e9 promover o autoconhecimento pessoal, buscando melhorar o relacionamento\u00a0 com outras pessoas. Este\u00a0 projeto se estender\u00e1 este ano e ano que vem e tem como objetivo proporcionar espa\u00e7os e viv\u00eancias interpessoais, ampliando possibilidades e fortalecendo o trabalho em grupo, valorizando os profissionais da sa\u00fade.<\/p>\n<p>\u00a0\u00a0\u00a0\u00a0\u00a0\u00a0\u00a0\u00a0 O presidente da FUMSSAR, Dr. Lu\u00eds Ant\u00f4nio Benvegn\u00fa destaca que estes eventos\u00a0 contribuem\u00a0 muito com a qualifica\u00e7\u00e3o dos servidores e consequentemente\u00a0 dos servi\u00e7os prestados pela institui\u00e7\u00e3o.<\/p>\n<p>\u00a0<a href=\"http:\/\/www.fumssar.com.br\/wp-content\/uploads\/2015\/08\/Curso-relacionamento-atual.jpg\"><img loading=\"lazy\" decoding=\"async\" class=\"alignnone size-medium wp-image-4795\" alt=\"Curso relacionamento atual\" src=\"http:\/\/www.fumssar.com.br\/wp-content\/uploads\/2015\/08\/Curso-relacionamento-atual-300x225.jpg\" width=\"300\" height=\"225\" srcset=\"https:\/\/www.fumssar.com.br\/wp-content\/uploads\/2015\/08\/Curso-relacionamento-atual-300x225.jpg 300w, https:\/\/www.fumssar.com.br\/wp-content\/uploads\/2015\/08\/Curso-relacionamento-atual.jpg 800w\" sizes=\"(max-width: 300px) 100vw, 300px\" \/><\/a><\/p>\n","protected":false},"excerpt":{"rendered":"<p>Mais duas turmas de diretores, coordenadores e gerentes\u00a0 da Funda\u00e7\u00e3o Municipal de Sa\u00fade-FUMSSAR, participaram do&#8230;<\/p>\n","protected":false},"author":11,"featured_media":4794,"comment_status":"open","ping_status":"open","sticky":false,"template":"","format":"standard","meta":{"footnotes":""},"categories":[2,1],"tags":[],"_links":{"self":[{"href":"https:\/\/www.fumssar.com.br\/index.php?rest_route=\/wp\/v2\/posts\/4793"}],"collection":[{"href":"https:\/\/www.fumssar.com.br\/index.php?rest_route=\/wp\/v2\/posts"}],"about":[{"href":"https:\/\/www.fumssar.com.br\/index.php?rest_route=\/wp\/v2\/types\/post"}],"author":[{"embeddable":true,"href":"https:\/\/www.fumssar.com.br\/index.php?rest_route=\/wp\/v2\/users\/11"}],"replies":[{"embeddable":true,"href":"https:\/\/www.fumssar.com.br\/index.php?rest_route=%2Fwp%2Fv2%2Fcomments&post=4793"}],"version-history":[{"count":1,"href":"https:\/\/www.fumssar.com.br\/index.php?rest_route=\/wp\/v2\/posts\/4793\/revisions"}],"predecessor-version":[{"id":4796,"href":"https:\/\/www.fumssar.com.br\/index.php?rest_route=\/wp\/v2\/posts\/4793\/revisions\/4796"}],"wp:featuredmedia":[{"embeddable":true,"href":"https:\/\/www.fumssar.com.br\/index.php?rest_route=\/wp\/v2\/media\/4794"}],"wp:attachment":[{"href":"https:\/\/www.fumssar.com.br\/index.php?rest_route=%2Fwp%2Fv2%2Fmedia&parent=4793"}],"wp:term":[{"taxonomy":"category","embeddable":true,"href":"https:\/\/www.fumssar.com.br\/index.php?rest_route=%2Fwp%2Fv2%2Fcategories&post=4793"},{"taxonomy":"post_tag","embeddable":true,"href":"https:\/\/www.fumssar.com.br\/index.php?rest_route=%2Fwp%2Fv2%2Ftags&post=4793"}],"curies":[{"name":"wp","href":"https:\/\/api.w.org\/{rel}","templated":true}]}}