{"id":4777,"date":"2015-07-28T16:29:18","date_gmt":"2015-07-28T19:29:18","guid":{"rendered":"http:\/\/www.fumssar.com.br\/?p=4777"},"modified":"2024-10-07T16:35:56","modified_gmt":"2024-10-07T19:35:56","slug":"mais-academias-de-saude-em-santa-rosa","status":"publish","type":"post","link":"https:\/\/www.fumssar.com.br\/?p=4777","title":{"rendered":"Mais academias de sa\u00fade em Santa Rosa"},"content":{"rendered":"<p>Ap\u00f3s a entrega de mais uma academia de sa\u00fade no \u00faltimo s\u00e1bado, a Administra\u00e7\u00e3o Municipal de Santa Rosa, atrav\u00e9s da Funda\u00e7\u00e3o Municipal de Sa\u00fade &#8211; FUMSSAR, anunciou a entrega de mais tr\u00eas locais para a pr\u00e1tica de exerc\u00edcios f\u00edsicos. Na segunda -feira, 27, Aldair Melchior presidente substituto da FUMSSAR, visitou outras localidades que receber\u00e3o os equipamentos. Est\u00e3o em fase de conclus\u00e3o as academias da vila J\u00falio de Oliveira que dever\u00e1 ser inaugurada na pr\u00f3xima semana, \u00a0bem como as da Pra\u00e7a da Independ\u00eancia e da comunidade do Lajeado Manchinha, e nesta semana inicia a instala\u00e7\u00e3o de equipamentos na Vila Balne\u00e1ria, com a parceria da comunidade local. Melchior destacou que algumas academias s\u00e3o constru\u00eddas atrav\u00e9s de verbas federais, mas outras est\u00e3o sendo constru\u00eddas com recursos pr\u00f3prios, contando com a parceria das comunidades, como foi feito no Lajeado Tarum\u00e3, Manchinha e na Balne\u00e1ria<\/p>\n","protected":false},"excerpt":{"rendered":"<p>Ap\u00f3s a entrega de mais uma academia de sa\u00fade no \u00faltimo s\u00e1bado, a Administra\u00e7\u00e3o Municipal&#8230;<\/p>\n","protected":false},"author":11,"featured_media":4779,"comment_status":"open","ping_status":"open","sticky":false,"template":"","format":"standard","meta":{"footnotes":""},"categories":[2,1],"tags":[],"_links":{"self":[{"href":"https:\/\/www.fumssar.com.br\/index.php?rest_route=\/wp\/v2\/posts\/4777"}],"collection":[{"href":"https:\/\/www.fumssar.com.br\/index.php?rest_route=\/wp\/v2\/posts"}],"about":[{"href":"https:\/\/www.fumssar.com.br\/index.php?rest_route=\/wp\/v2\/types\/post"}],"author":[{"embeddable":true,"href":"https:\/\/www.fumssar.com.br\/index.php?rest_route=\/wp\/v2\/users\/11"}],"replies":[{"embeddable":true,"href":"https:\/\/www.fumssar.com.br\/index.php?rest_route=%2Fwp%2Fv2%2Fcomments&post=4777"}],"version-history":[{"count":1,"href":"https:\/\/www.fumssar.com.br\/index.php?rest_route=\/wp\/v2\/posts\/4777\/revisions"}],"predecessor-version":[{"id":4778,"href":"https:\/\/www.fumssar.com.br\/index.php?rest_route=\/wp\/v2\/posts\/4777\/revisions\/4778"}],"wp:featuredmedia":[{"embeddable":true,"href":"https:\/\/www.fumssar.com.br\/index.php?rest_route=\/wp\/v2\/media\/4779"}],"wp:attachment":[{"href":"https:\/\/www.fumssar.com.br\/index.php?rest_route=%2Fwp%2Fv2%2Fmedia&parent=4777"}],"wp:term":[{"taxonomy":"category","embeddable":true,"href":"https:\/\/www.fumssar.com.br\/index.php?rest_route=%2Fwp%2Fv2%2Fcategories&post=4777"},{"taxonomy":"post_tag","embeddable":true,"href":"https:\/\/www.fumssar.com.br\/index.php?rest_route=%2Fwp%2Fv2%2Ftags&post=4777"}],"curies":[{"name":"wp","href":"https:\/\/api.w.org\/{rel}","templated":true}]}}