{"id":4767,"date":"2015-07-28T09:42:11","date_gmt":"2015-07-28T12:42:11","guid":{"rendered":"http:\/\/www.fumssar.com.br\/?p=4767"},"modified":"2024-10-07T16:35:57","modified_gmt":"2024-10-07T19:35:57","slug":"comunidade-do-lajeado-taruma-recebeu-academia-de-saude","status":"publish","type":"post","link":"https:\/\/www.fumssar.com.br\/?p=4767","title":{"rendered":"Comunidade do Lajeado Tarum\u00e3 recebeu academia de sa\u00fade"},"content":{"rendered":"<p>Inaugurada na tarde de s\u00e1bado, 25, a academia de sa\u00fade da localidade do Lajeado Tarum\u00e3 em Santa Rosa. O ato inaugural contou com a presen\u00e7a de autoridades e lideran\u00e7as da comunidade. Na oportunidade foi realizada uma aula inaugural de gin\u00e1stica orientada por um profissional de educa\u00e7\u00e3o f\u00edsica da Funda\u00e7\u00e3o Municipal de Sa\u00fade de Santa Rosa- FUMSSAR. Aldair Melchior, presidente substituto da FUMSSAR, ressaltou que a academia foi viabilizada atrav\u00e9s de uma parceria com a comunidade. Nesta a\u00e7\u00e3o a Funda\u00e7\u00e3o forneceu os equipamentos e a instala\u00e7\u00e3o e a comunidade construiu a base para os aparelhos. Melchior destacou ainda a import\u00e2ncia do investimento na qualidade de vida que esta atividade ir\u00e1 proporcionar \u00e0 popula\u00e7\u00e3o. O secret\u00e1rio de Agropecu\u00e1ria e Infraestrutura do munic\u00edpio, M\u00e1ximo Martins, que no ato representou o prefeito Vicini parabenizou a comunidade pela conquista. Para o presidente da Comunidade Alveni Mogdans a academia ser\u00e1 muito \u00fatil\u00a0 para os moradores que poder\u00e3o desfrutar dos equipamentos na\u00a0 pr\u00e1tica de exerc\u00edcios<\/p>\n<p>&nbsp;<\/p>\n<p>\u00a0.<a href=\"http:\/\/www.fumssar.com.br\/wp-content\/uploads\/2015\/07\/academia-tarum\u00e3.jpg\"><img loading=\"lazy\" decoding=\"async\" class=\"size-medium wp-image-4769 aligncenter\" alt=\"academia tarum\u00e3\" src=\"http:\/\/www.fumssar.com.br\/wp-content\/uploads\/2015\/07\/academia-tarum\u00e3-300x225.jpg\" width=\"300\" height=\"225\" srcset=\"https:\/\/www.fumssar.com.br\/wp-content\/uploads\/2015\/07\/academia-tarum\u00e3-300x225.jpg 300w, https:\/\/www.fumssar.com.br\/wp-content\/uploads\/2015\/07\/academia-tarum\u00e3.jpg 800w\" sizes=\"(max-width: 300px) 100vw, 300px\" \/><\/a><\/p>\n","protected":false},"excerpt":{"rendered":"<p>Inaugurada na tarde de s\u00e1bado, 25, a academia de sa\u00fade da localidade do Lajeado Tarum\u00e3&#8230;<\/p>\n","protected":false},"author":11,"featured_media":4768,"comment_status":"open","ping_status":"open","sticky":false,"template":"","format":"standard","meta":{"footnotes":""},"categories":[2],"tags":[],"_links":{"self":[{"href":"https:\/\/www.fumssar.com.br\/index.php?rest_route=\/wp\/v2\/posts\/4767"}],"collection":[{"href":"https:\/\/www.fumssar.com.br\/index.php?rest_route=\/wp\/v2\/posts"}],"about":[{"href":"https:\/\/www.fumssar.com.br\/index.php?rest_route=\/wp\/v2\/types\/post"}],"author":[{"embeddable":true,"href":"https:\/\/www.fumssar.com.br\/index.php?rest_route=\/wp\/v2\/users\/11"}],"replies":[{"embeddable":true,"href":"https:\/\/www.fumssar.com.br\/index.php?rest_route=%2Fwp%2Fv2%2Fcomments&post=4767"}],"version-history":[{"count":1,"href":"https:\/\/www.fumssar.com.br\/index.php?rest_route=\/wp\/v2\/posts\/4767\/revisions"}],"predecessor-version":[{"id":4770,"href":"https:\/\/www.fumssar.com.br\/index.php?rest_route=\/wp\/v2\/posts\/4767\/revisions\/4770"}],"wp:featuredmedia":[{"embeddable":true,"href":"https:\/\/www.fumssar.com.br\/index.php?rest_route=\/wp\/v2\/media\/4768"}],"wp:attachment":[{"href":"https:\/\/www.fumssar.com.br\/index.php?rest_route=%2Fwp%2Fv2%2Fmedia&parent=4767"}],"wp:term":[{"taxonomy":"category","embeddable":true,"href":"https:\/\/www.fumssar.com.br\/index.php?rest_route=%2Fwp%2Fv2%2Fcategories&post=4767"},{"taxonomy":"post_tag","embeddable":true,"href":"https:\/\/www.fumssar.com.br\/index.php?rest_route=%2Fwp%2Fv2%2Ftags&post=4767"}],"curies":[{"name":"wp","href":"https:\/\/api.w.org\/{rel}","templated":true}]}}