{"id":4707,"date":"2015-07-16T16:36:37","date_gmt":"2015-07-16T19:36:37","guid":{"rendered":"http:\/\/www.fumssar.com.br\/?p=4707"},"modified":"2024-10-07T16:35:57","modified_gmt":"2024-10-07T19:35:57","slug":"projeto-sacola-de-historias-foi-implantado-em-cinco-unidades-de-saude","status":"publish","type":"post","link":"https:\/\/www.fumssar.com.br\/?p=4707","title":{"rendered":"Projeto Sacola de Hist\u00f3rias foi implantado em cinco unidades de sa\u00fade"},"content":{"rendered":"<p>O projeto \u201cSacola de Hist\u00f3rias\u201d destina-se a crian\u00e7as de 0 a 3 anos de idade e tem por objetivo incentivar os pais\/respons\u00e1veis a lerem hist\u00f3rias infantis \u00e0s crian\u00e7as. \u00c9 um projeto-piloto que est\u00e1 sendo implantado nas 05 Unidades de Sa\u00fade da Funda\u00e7\u00e3o Municipal de Sa\u00fade-FUMSSAR, onde atuam os profissionais da Resid\u00eancia Multiprofissional em Sa\u00fade da Fam\u00edlia. Busca-se orientar as fam\u00edlias sobre a import\u00e2ncia de contar hist\u00f3rias \u00e0s crian\u00e7as desde os primeiros meses de vida.<\/p>\n<p>Segundo a coordena\u00e7\u00e3o de projeto, a narra\u00e7\u00e3o de hist\u00f3rias infantis favorece o fortalecimento do v\u00ednculo afetivo entre os pais\/respons\u00e1veis e a crian\u00e7a. Al\u00e9m disso, \u00e9 um est\u00edmulo \u00e0 imagina\u00e7\u00e3o, \u00e0 criatividade, \u00e0 linguagem, tendo papel importante no desenvolvimento cognitivo. A aprendizagem de regras, a compreens\u00e3o do mundo e a capacidade de resolver problemas podem entrar na vida da crian\u00e7a atrav\u00e9s do universo l\u00fadico das hist\u00f3rias infantis.<\/p>\n<p>Para dar \u00a0in\u00edcio a esta etapa do Projeto, foram realizados encontros para a capacita\u00e7\u00e3o dos Agentes Comunit\u00e1rios de Sa\u00fade (ACS) e coordenadores das equipes das Unidades de Sa\u00fade envolvidas, contando com o apoio dos seguintes profissionais: visitadoras do \u00a0Primeira Inf\u00e2ncia Melhor (PIM), Simone Eckerleben e M\u00e1rcia Stroff, Enfermeira Edna Fortes, Psic\u00f3loga Sabrina Servat, Fonoaudi\u00f3loga \u00c2ngela Mattiazi, Psic\u00f3logas da Sec. Municipal de Educa\u00e7\u00e3o Fernanda S. Pezzi\u00a0 e Franciele M. Bach, e Profissionais Residentes.<\/p>\n<p>\u00a0\u00a0\u00a0\u00a0\u00a0\u00a0\u00a0\u00a0\u00a0\u00a0\u00a0\u00a0\u00a0\u00a0\u00a0 O\u00a0 projeto Sacolas de Hist\u00f3rias foi iniciado h\u00e1 quatro anos com as visitadoras do PIM e ampliado para as agentes de sa\u00fade , receberam os livros de hist\u00f3rias a serem entregues \u00e0s fam\u00edlias. Uma vez por m\u00eas, nas visitas domiciliares, os ACS v\u00e3o substituindo os livros, recolhendo os anteriores e oferecendo novas hist\u00f3rias<b>.<\/b><\/p>\n<p>&nbsp;<\/p>\n<p><a href=\"http:\/\/www.fumssar.com.br\/wp-content\/uploads\/2015\/07\/sacolas-3.jpg\"><img loading=\"lazy\" decoding=\"async\" class=\"alignnone size-medium wp-image-4710\" alt=\"sacolas 3\" src=\"http:\/\/www.fumssar.com.br\/wp-content\/uploads\/2015\/07\/sacolas-3-300x225.jpg\" width=\"300\" height=\"225\" srcset=\"https:\/\/www.fumssar.com.br\/wp-content\/uploads\/2015\/07\/sacolas-3-300x225.jpg 300w, https:\/\/www.fumssar.com.br\/wp-content\/uploads\/2015\/07\/sacolas-3.jpg 800w\" sizes=\"(max-width: 300px) 100vw, 300px\" \/><\/a><\/p>\n","protected":false},"excerpt":{"rendered":"<p>O projeto \u201cSacola de Hist\u00f3rias\u201d destina-se a crian\u00e7as de 0 a 3 anos de idade&#8230;<\/p>\n","protected":false},"author":11,"featured_media":4708,"comment_status":"open","ping_status":"open","sticky":false,"template":"","format":"standard","meta":{"footnotes":""},"categories":[2],"tags":[],"_links":{"self":[{"href":"https:\/\/www.fumssar.com.br\/index.php?rest_route=\/wp\/v2\/posts\/4707"}],"collection":[{"href":"https:\/\/www.fumssar.com.br\/index.php?rest_route=\/wp\/v2\/posts"}],"about":[{"href":"https:\/\/www.fumssar.com.br\/index.php?rest_route=\/wp\/v2\/types\/post"}],"author":[{"embeddable":true,"href":"https:\/\/www.fumssar.com.br\/index.php?rest_route=\/wp\/v2\/users\/11"}],"replies":[{"embeddable":true,"href":"https:\/\/www.fumssar.com.br\/index.php?rest_route=%2Fwp%2Fv2%2Fcomments&post=4707"}],"version-history":[{"count":2,"href":"https:\/\/www.fumssar.com.br\/index.php?rest_route=\/wp\/v2\/posts\/4707\/revisions"}],"predecessor-version":[{"id":4712,"href":"https:\/\/www.fumssar.com.br\/index.php?rest_route=\/wp\/v2\/posts\/4707\/revisions\/4712"}],"wp:featuredmedia":[{"embeddable":true,"href":"https:\/\/www.fumssar.com.br\/index.php?rest_route=\/wp\/v2\/media\/4708"}],"wp:attachment":[{"href":"https:\/\/www.fumssar.com.br\/index.php?rest_route=%2Fwp%2Fv2%2Fmedia&parent=4707"}],"wp:term":[{"taxonomy":"category","embeddable":true,"href":"https:\/\/www.fumssar.com.br\/index.php?rest_route=%2Fwp%2Fv2%2Fcategories&post=4707"},{"taxonomy":"post_tag","embeddable":true,"href":"https:\/\/www.fumssar.com.br\/index.php?rest_route=%2Fwp%2Fv2%2Ftags&post=4707"}],"curies":[{"name":"wp","href":"https:\/\/api.w.org\/{rel}","templated":true}]}}