{"id":4702,"date":"2015-07-15T15:02:10","date_gmt":"2015-07-15T18:02:10","guid":{"rendered":"http:\/\/www.fumssar.com.br\/?p=4702"},"modified":"2024-10-07T16:35:57","modified_gmt":"2024-10-07T19:35:57","slug":"benvegnu-foi-debatedor-em-congresso-estadual-de-saude","status":"publish","type":"post","link":"https:\/\/www.fumssar.com.br\/?p=4702","title":{"rendered":"Benvegn\u00fa foi debatedor em Congresso Estadual de Sa\u00fade"},"content":{"rendered":"<p>O Congresso das Secretarias Municipais de Sa\u00fade do Rio Grande do Sul 2015, que teve inicio nesta ter\u00e7a\u2013feira, 14, estendendo\u2013se at\u00e9 a quinta,16, em Porto Alegre\/RS, re\u00fane, h\u00e1 27 anos, secret\u00e1rios e gestores de sa\u00fade do servi\u00e7o p\u00fablico na atualiza\u00e7\u00e3o das discuss\u00f5es para o fortalecimento e a qualifica\u00e7\u00e3o do Sistema \u00danico de Sa\u00fade (SUS).<\/p>\n<p>O presidente da Funda\u00e7\u00e3o Municipal de Sa\u00fade de Santa Rosa-FUMSSAR, Dr. Lu\u00eds Ant\u00f4nio Benvegn\u00fa participou como debatedor na Mesa \u201cOs Munic\u00edpios e a responsabilidade de fazer Sa\u00fade no dia a dia e o novo pacto federativo\u201d, realizada na tarde desta ter\u00e7a-feira. O Congresso das Secretarias Municipais de Sa\u00fade do Rio Grande do Sul \u00e9 uma realiza\u00e7\u00e3o do Conselho das Secretarias Municipais de Sa\u00fade do Rio Grande do Sul (COSEMS\/RS) com o apoio da Secretaria Estadual da Sa\u00fade (SES\/RS), do Minist\u00e9rio da Sa\u00fade, da Organiza\u00e7\u00e3o Pan-Americana da Sa\u00fade (OPAS\/OMS), da Federa\u00e7\u00e3o das Associa\u00e7\u00f5es de Munic\u00edpios do Rio Grande do Sul (FAMURS) e da Secretaria Municipal\u00a0\u00a0 da Sa\u00fade de Porto Alegre. No decorrer do evento estar\u00e3o sendo apresentadas experi\u00eancias exitosas do Sistema \u00danico de Sa\u00fade e, Santa Rosa est\u00e1 entre os trabalhos selecionados. Benvegn\u00fa palestrou em diversas cidades da regi\u00e3o Noroeste em confer\u00eancias municipais, e na sexta-feira, 17, sua participa\u00e7\u00e3o ser\u00e1 no munic\u00edpio de Tuparendi.<\/p>\n","protected":false},"excerpt":{"rendered":"<p>O Congresso das Secretarias Municipais de Sa\u00fade do Rio Grande do Sul 2015, que teve&#8230;<\/p>\n","protected":false},"author":11,"featured_media":4703,"comment_status":"open","ping_status":"open","sticky":false,"template":"","format":"standard","meta":{"footnotes":""},"categories":[2],"tags":[],"_links":{"self":[{"href":"https:\/\/www.fumssar.com.br\/index.php?rest_route=\/wp\/v2\/posts\/4702"}],"collection":[{"href":"https:\/\/www.fumssar.com.br\/index.php?rest_route=\/wp\/v2\/posts"}],"about":[{"href":"https:\/\/www.fumssar.com.br\/index.php?rest_route=\/wp\/v2\/types\/post"}],"author":[{"embeddable":true,"href":"https:\/\/www.fumssar.com.br\/index.php?rest_route=\/wp\/v2\/users\/11"}],"replies":[{"embeddable":true,"href":"https:\/\/www.fumssar.com.br\/index.php?rest_route=%2Fwp%2Fv2%2Fcomments&post=4702"}],"version-history":[{"count":2,"href":"https:\/\/www.fumssar.com.br\/index.php?rest_route=\/wp\/v2\/posts\/4702\/revisions"}],"predecessor-version":[{"id":4705,"href":"https:\/\/www.fumssar.com.br\/index.php?rest_route=\/wp\/v2\/posts\/4702\/revisions\/4705"}],"wp:featuredmedia":[{"embeddable":true,"href":"https:\/\/www.fumssar.com.br\/index.php?rest_route=\/wp\/v2\/media\/4703"}],"wp:attachment":[{"href":"https:\/\/www.fumssar.com.br\/index.php?rest_route=%2Fwp%2Fv2%2Fmedia&parent=4702"}],"wp:term":[{"taxonomy":"category","embeddable":true,"href":"https:\/\/www.fumssar.com.br\/index.php?rest_route=%2Fwp%2Fv2%2Fcategories&post=4702"},{"taxonomy":"post_tag","embeddable":true,"href":"https:\/\/www.fumssar.com.br\/index.php?rest_route=%2Fwp%2Fv2%2Ftags&post=4702"}],"curies":[{"name":"wp","href":"https:\/\/api.w.org\/{rel}","templated":true}]}}