{"id":4695,"date":"2015-07-13T14:10:09","date_gmt":"2015-07-13T17:10:09","guid":{"rendered":"http:\/\/www.fumssar.com.br\/?p=4695"},"modified":"2024-10-07T16:35:57","modified_gmt":"2024-10-07T19:35:57","slug":"santa-rosa-realizou-a-11a-conferencia-municipal-de-saude","status":"publish","type":"post","link":"https:\/\/www.fumssar.com.br\/?p=4695","title":{"rendered":"Santa Rosa realizou  a  11\u00aa Confer\u00eancia Municipal de Sa\u00fade"},"content":{"rendered":"<p>Realizada na sexta &#8211; feira,10, e no\u00a0 s\u00e1bado,11, a\u00a0 11\u00aa Confer\u00eancia Municipal de Sa\u00fade do Munic\u00edpio de Santa Rosa. Na tarde de sexta-feira, houve a leitura e aprova\u00e7\u00e3o do regimento interno, logo ap\u00f3s os grupos iniciaram a discuss\u00e3o das demandas e propostas. Na parte da noite houve a abertura oficial com a presen\u00e7a de autoridades e lideran\u00e7as. No ato a C\u00e2mara de Vereadores realizou a entrega de uma Men\u00e7\u00e3o Honrosa proposta pelo vereador Valdemar Fonseca, com aprova\u00e7\u00e3o un\u00e2nime pelos demais pares do Poder Legislativo, pelos 20 anos da Funda\u00e7\u00e3o Municipal de Sa\u00fade de santa Rosa-FUMSSAR. a Funda\u00e7\u00e3o tamb\u00e9m homenageou os presidentes de todas as Confer\u00eancias, e ex-secret\u00e1rios de sa\u00fade, o ex-prefeito e atual deputado federal Osmar Terra e o atual prefeito Alcides Vicini pela contribui\u00e7\u00e3o no sistema de sa\u00fade do munic\u00edpio. A atual presidente da Confer\u00eancia Elisiane Bisognin, fez um relato da constru\u00e7\u00e3o do evento ressaltando que foram realizadas 30 Pr\u00e9 -confer\u00eancias que tiveram a participa\u00e7\u00e3o de centenas de usu\u00e1rios do SUS, que trouxeram propostas para serem discutidas e debatidas no evento. Para o Presidente da FUMSSAR, Dr. Lu\u00eds Ant\u00f4nio Benvegn\u00fa a confer\u00eancia \u00e9 um marco muito importante para a sa\u00fade, uma vez que o sistema atual foi constru\u00eddo com a participa\u00e7\u00e3o popular. O prefeito de Santa Rosa destacou a import\u00e2ncia do evento, uma vez que vem atender os anseios daqueles que utilizam o sistema, ressaltando a presen\u00e7a de todos aqueles que ajudaram a construir a sa\u00fade de qualidade que o munic\u00edpio oferta a popula\u00e7\u00e3o. O Deputado Federal Osmar Terra lembrou aos presentes os momentos vividos na \u00e9poca em que houve a transi\u00e7\u00e3o do sistema antigo para a implanta\u00e7\u00e3o de um sistema que na \u00e9poca gerava muitas d\u00favidas e que hoje prova que \u00e9 funcional e eficiente. Ap\u00f3s a cerim\u00f4nia os trabalhos tiveram segmentos com a realiza\u00e7\u00e3o de uma mesa de discuss\u00e3o com o Deputado Terra e membros da comiss\u00e3o organizadora com o tema &#8220;O Sistema de Sa\u00fade Perspectivas e Desafios,um Compromisso de Todos.<\/p>\n<p>\u00a0\u00a0\u00a0\u00a0\u00a0\u00a0\u00a0\u00a0\u00a0\u00a0\u00a0 No s\u00e1bado pela manh\u00e3 foi dado prosseguimento aos trabalhos de grupos discutindo os eixos tem\u00e1ticos para a elabora\u00e7\u00e3o do relat\u00f3rio final da Confer\u00eancia. Tamb\u00e9m na parte da manh\u00e3, foi realizada uma mesa de discuss\u00e3o onde o tema abordado\u00a0 foi \u201c Resolutividade do Sistema de Sa\u00fade, um Compromisso de Todos\u201d, tendo como debatedores: O Secret\u00e1rio Estadual de Sa\u00fade, Dr. Jo\u00e3o Gabardo dos\u00a0 Reis, do Presidente da FUMSSAR, Dr. Lu\u00eds Ant\u00f4nio Benvegn\u00fa, do representante do Conselho Estadual de Sa\u00fade\u00a0 Cl\u00e1udio Augustin e do representante do Controle Social do Munic\u00edpio Walter Veidel. Na parte da tarde foram apresentados, discutidos os 8 eixos tem\u00e1ticos pelos delegados\u00a0 e levados a vota\u00e7\u00e3o, e posteriormente\u00a0 forma\u00a0 escolhidos os delegados que ir\u00e3o participar da Confer\u00eancia Estadual\u00a0 que ser\u00e1 realizada de 18 a 20 de setembro\u00a0 em Porto Alegre. A Comiss\u00e3o Organizadora comemorou a qualidade do evento e a maci\u00e7a participa\u00e7\u00e3o de usu\u00e1rios do Sistema \u00danico de Sa\u00fade do munic\u00edpio. A Presidente da Confer\u00eancia, Elisiane Bisognin\u00a0 ressaltou que foi um trabalho\u00a0 de muita express\u00e3o que ir\u00e1 refletir bons frutos para a sa\u00fade do munic\u00edpio. Elisiane agradeceu o esfor\u00e7o de todos para a grandeza do evento, onde centenas de pessoas tiveram um envolvimento efetivo na elabora\u00e7\u00e3o e a concretiza\u00e7\u00e3o. \u00a0\u00a0O Presidente da FUMSSAR, Dr. Lu\u00eds Ant\u00f4nio Benvegn\u00fa destacou a confer\u00eancia como um processo democr\u00e1tico de participa\u00e7\u00e3o popular, frisando que a comunidade de Santa Rosa se diferencia\u00a0 na \u00e1rea de sa\u00fade tendo em vista senso participativo\u00a0 e construtivo.<a href=\"http:\/\/www.fumssar.com.br\/wp-content\/uploads\/2015\/07\/foto-conferencia-2.jpg\"><img loading=\"lazy\" decoding=\"async\" class=\"alignnone size-medium wp-image-4697\" alt=\"foto conferencia 2\" src=\"http:\/\/www.fumssar.com.br\/wp-content\/uploads\/2015\/07\/foto-conferencia-2-300x225.jpg\" width=\"300\" height=\"225\" srcset=\"https:\/\/www.fumssar.com.br\/wp-content\/uploads\/2015\/07\/foto-conferencia-2-300x225.jpg 300w, https:\/\/www.fumssar.com.br\/wp-content\/uploads\/2015\/07\/foto-conferencia-2.jpg 800w\" sizes=\"(max-width: 300px) 100vw, 300px\" \/><\/a><\/p>\n","protected":false},"excerpt":{"rendered":"<p>Realizada na sexta &#8211; feira,10, e no\u00a0 s\u00e1bado,11, a\u00a0 11\u00aa Confer\u00eancia Municipal de Sa\u00fade do&#8230;<\/p>\n","protected":false},"author":11,"featured_media":4696,"comment_status":"open","ping_status":"open","sticky":false,"template":"","format":"standard","meta":{"footnotes":""},"categories":[2],"tags":[],"_links":{"self":[{"href":"https:\/\/www.fumssar.com.br\/index.php?rest_route=\/wp\/v2\/posts\/4695"}],"collection":[{"href":"https:\/\/www.fumssar.com.br\/index.php?rest_route=\/wp\/v2\/posts"}],"about":[{"href":"https:\/\/www.fumssar.com.br\/index.php?rest_route=\/wp\/v2\/types\/post"}],"author":[{"embeddable":true,"href":"https:\/\/www.fumssar.com.br\/index.php?rest_route=\/wp\/v2\/users\/11"}],"replies":[{"embeddable":true,"href":"https:\/\/www.fumssar.com.br\/index.php?rest_route=%2Fwp%2Fv2%2Fcomments&post=4695"}],"version-history":[{"count":1,"href":"https:\/\/www.fumssar.com.br\/index.php?rest_route=\/wp\/v2\/posts\/4695\/revisions"}],"predecessor-version":[{"id":4698,"href":"https:\/\/www.fumssar.com.br\/index.php?rest_route=\/wp\/v2\/posts\/4695\/revisions\/4698"}],"wp:featuredmedia":[{"embeddable":true,"href":"https:\/\/www.fumssar.com.br\/index.php?rest_route=\/wp\/v2\/media\/4696"}],"wp:attachment":[{"href":"https:\/\/www.fumssar.com.br\/index.php?rest_route=%2Fwp%2Fv2%2Fmedia&parent=4695"}],"wp:term":[{"taxonomy":"category","embeddable":true,"href":"https:\/\/www.fumssar.com.br\/index.php?rest_route=%2Fwp%2Fv2%2Fcategories&post=4695"},{"taxonomy":"post_tag","embeddable":true,"href":"https:\/\/www.fumssar.com.br\/index.php?rest_route=%2Fwp%2Fv2%2Ftags&post=4695"}],"curies":[{"name":"wp","href":"https:\/\/api.w.org\/{rel}","templated":true}]}}