{"id":4681,"date":"2015-07-09T10:34:37","date_gmt":"2015-07-09T13:34:37","guid":{"rendered":"http:\/\/www.fumssar.com.br\/?p=4681"},"modified":"2024-10-07T16:35:57","modified_gmt":"2024-10-07T19:35:57","slug":"tudo-pronto-para-a-11a-conferencia-municipal-de-saude","status":"publish","type":"post","link":"https:\/\/www.fumssar.com.br\/?p=4681","title":{"rendered":"Tudo pronto para a 11\u00aa Confer\u00eancia Municipal de Sa\u00fade"},"content":{"rendered":"<p>\u00a0\u00a0\u00a0\u00a0\u00a0\u00a0\u00a0\u00a0\u00a0\u00a0\u00a0\u00a0\u00a0\u00a0\u00a0\u00a0\u00a0\u00a0\u00a0\u00a0\u00a0\u00a0\u00a0\u00a0\u00a0\u00a0\u00a0\u00a0\u00a0\u00a0\u00a0\u00a0\u00a0\u00a0\u00a0\u00a0\u00a0\u00a0\u00a0\u00a0\u00a0\u00a0\u00a0\u00a0\u00a0\u00a0\u00a0\u00a0\u00a0\u00a0\u00a0\u00a0\u00a0<\/p>\n<p align=\"center\"><b>\u00a0\u00a0\u00a0\u00a0\u00a0\u00a0\u00a0\u00a0\u00a0\u00a0\u00a0\u00a0 11<\/b><b>\u00aa Confer\u00eancia Municipal de Sa\u00fade <\/b><b>de Santa Rosa<\/b><b> <\/b><\/p>\n<p align=\"center\"><b>Resolutividade do Sistema de Sa\u00fade, um Compromisso de Todos<\/b><\/p>\n<p align=\"center\">\u00a0<\/p>\n<p><b>Programa\u00e7\u00e3o Oficial<\/b><\/p>\n<p><b>\u00a0<\/b><\/p>\n<p><b>10\/07\/2015<\/b><\/p>\n<p>10:00 \u2013 Recep\u00e7\u00e3o, Acolhida e Credenciamento<\/p>\n<p>14:00 \u2013 A Leitura e aprova\u00e7\u00e3o do Regulamento<\/p>\n<p>14:15 Organiza\u00e7\u00e3o e conforma\u00e7\u00e3o dos grupos de trabalho<\/p>\n<p>17:30 \u2013 Intervalo<\/p>\n<p>19:00 &#8211;\u00a0 Abertura Oficial<\/p>\n<p>20:45 &#8211;\u00a0 Painel \u2013 \u201cO Sistema de Sa\u00fade Perspectivas e Desafios\u201d\u00a0 &#8211; Deputado Federal<\/p>\n<p>Osmar Gasparini Terra<\/p>\n<p>21:30 \u2013 Debate da Plen\u00e1ria<\/p>\n<p>22:00 \u2013 Encerramento<\/p>\n<p>&nbsp;<\/p>\n<p><b>11\/07\/2015<\/b><\/p>\n<p>8:00 \u2013 Trabalhos em grupo<\/p>\n<p>10:00 &#8211; Intervalo<\/p>\n<p>10:30 &#8211; Painel : \u201cResolutividade do Sistema de Sa\u00fade, um Compromisso de Todos\u201d<\/p>\n<p>\u00a0 Representante do Minist\u00e9rio da Sa\u00fade: Heider Aur\u00e9lio\u00a0 Pinto &#8211;\u00a0 Secret\u00e1rio de Gest\u00e3o do Trabalho e da Educa\u00e7\u00e3o na Sa\u00fade<\/p>\n<p>&#8211; Representante da Secretaria de Estado da Sa\u00fade: Jo\u00e3o Gabbardo dos Reis- Secret\u00e1rio de Estado da Sa\u00fade<\/p>\n<p>&#8211; Representante do Conselho Estadual de Sa\u00fade:<\/p>\n<p>&#8211; Representante do Munic\u00edpio: Lu\u00eds Ant\u00f4nio Benvegn\u00fa Presidente da Funda\u00e7\u00e3o Municipal de Sa\u00fade de Santa Rosa<\/p>\n<p>&#8211; Representante do Controle Social do munic\u00edpio de Santa Rosa: Walter Weidel<\/p>\n<p>12:00 &#8211; Debate da Plen\u00e1ria<\/p>\n<p>12:30-\u00a0 Intervalo Almo\u00e7o<\/p>\n<p>13:30 \u2013 Plen\u00e1ria Final<\/p>\n<p>17:00 \u2013 Encerramento<\/p>\n","protected":false},"excerpt":{"rendered":"<p>\u00a0\u00a0\u00a0\u00a0\u00a0\u00a0\u00a0\u00a0\u00a0\u00a0\u00a0\u00a0\u00a0\u00a0\u00a0\u00a0\u00a0\u00a0\u00a0\u00a0\u00a0\u00a0\u00a0\u00a0\u00a0\u00a0\u00a0\u00a0\u00a0\u00a0\u00a0\u00a0\u00a0\u00a0\u00a0\u00a0\u00a0\u00a0\u00a0\u00a0\u00a0\u00a0\u00a0\u00a0\u00a0\u00a0\u00a0\u00a0\u00a0\u00a0\u00a0\u00a0\u00a0 \u00a0\u00a0\u00a0\u00a0\u00a0\u00a0\u00a0\u00a0\u00a0\u00a0\u00a0\u00a0 11\u00aa Confer\u00eancia Municipal de Sa\u00fade de Santa Rosa Resolutividade do Sistema de Sa\u00fade,&#8230;<\/p>\n","protected":false},"author":11,"featured_media":4668,"comment_status":"open","ping_status":"open","sticky":false,"template":"","format":"standard","meta":{"footnotes":""},"categories":[2],"tags":[],"_links":{"self":[{"href":"https:\/\/www.fumssar.com.br\/index.php?rest_route=\/wp\/v2\/posts\/4681"}],"collection":[{"href":"https:\/\/www.fumssar.com.br\/index.php?rest_route=\/wp\/v2\/posts"}],"about":[{"href":"https:\/\/www.fumssar.com.br\/index.php?rest_route=\/wp\/v2\/types\/post"}],"author":[{"embeddable":true,"href":"https:\/\/www.fumssar.com.br\/index.php?rest_route=\/wp\/v2\/users\/11"}],"replies":[{"embeddable":true,"href":"https:\/\/www.fumssar.com.br\/index.php?rest_route=%2Fwp%2Fv2%2Fcomments&post=4681"}],"version-history":[{"count":2,"href":"https:\/\/www.fumssar.com.br\/index.php?rest_route=\/wp\/v2\/posts\/4681\/revisions"}],"predecessor-version":[{"id":4683,"href":"https:\/\/www.fumssar.com.br\/index.php?rest_route=\/wp\/v2\/posts\/4681\/revisions\/4683"}],"wp:featuredmedia":[{"embeddable":true,"href":"https:\/\/www.fumssar.com.br\/index.php?rest_route=\/wp\/v2\/media\/4668"}],"wp:attachment":[{"href":"https:\/\/www.fumssar.com.br\/index.php?rest_route=%2Fwp%2Fv2%2Fmedia&parent=4681"}],"wp:term":[{"taxonomy":"category","embeddable":true,"href":"https:\/\/www.fumssar.com.br\/index.php?rest_route=%2Fwp%2Fv2%2Fcategories&post=4681"},{"taxonomy":"post_tag","embeddable":true,"href":"https:\/\/www.fumssar.com.br\/index.php?rest_route=%2Fwp%2Fv2%2Ftags&post=4681"}],"curies":[{"name":"wp","href":"https:\/\/api.w.org\/{rel}","templated":true}]}}