{"id":4664,"date":"2015-07-03T10:05:34","date_gmt":"2015-07-03T13:05:34","guid":{"rendered":"http:\/\/www.fumssar.com.br\/?p=4664"},"modified":"2024-10-07T16:35:57","modified_gmt":"2024-10-07T19:35:57","slug":"benvegnu-conferiu-obras-da-fumssar","status":"publish","type":"post","link":"https:\/\/www.fumssar.com.br\/?p=4664","title":{"rendered":"Benvegn\u00fa conferiu obras da FUMSSAR"},"content":{"rendered":"<p>Mesmo com uma agenda muito concorrida o presidente da Funda\u00e7\u00e3o Municipal de Sa\u00fade de Santa Rosa- FUMSSAR, Dr. Lu\u00eds Ant\u00f4nio Benvegn\u00fa, na tarde desta quinta-feira, 02, fez uma visita \u00e0s obras que est\u00e3o sendo realizadas pela institui\u00e7\u00e3o. O presidente acompanhado do diretor da gest\u00e3o administrativa, Aldair Melchior, foi conferir o andamento das obras de adequa\u00e7\u00e3o ao subsolo do centro administrativo da FUMSSAR, que ir\u00e1 em breve abrigar os setores de: transporte, vigil\u00e2ncia sanit\u00e1ria, inform\u00e1tica, o programa melhor em casa e outros que hoje est\u00e3o funcionando em outros locais. Benvegn\u00fa relata que quanto mais agrupar setores mais funcionalidade ter\u00e1 os servi\u00e7os. O presidente acompanhou ainda o servi\u00e7o de terraplanagem que est\u00e1 sendo executado no terreno que em breve servir\u00e1 de estacionamento para a frota de ve\u00edculos, servi\u00e7o este que est\u00e1 sendo executado pela secretaria de obras do munic\u00edpio. Aldair Melchior destacou que o terreno que est\u00e1 sendo preparado, poder\u00e1 em poucos dias abrigar os ve\u00edculos, desocupando o terreno do HEMOCENTRO que atualmente passa por reformas. Para o coordenador da secretaria de obras Rodrigo B\u00fcrkle a prepara\u00e7\u00e3o do terreno est\u00e1 andando conforme as condi\u00e7\u00f5es clim\u00e1ticas, pois nos \u00faltimos dias as chuvas impediram o andamento dos servi\u00e7os. Benvegn\u00fa foi conferir tamb\u00e9m as obras de reforma do HEMOCENTRO, onde ficou surpreendido pelo andamento e tamb\u00e9m como foi feito a adequa\u00e7\u00e3o dos espa\u00e7os para que o atendimento n\u00e3o fosse prejudicado. \u201cHavia uma preocupa\u00e7\u00e3o com o funcionamento do atendimento no HEMOCENTRO e o andamento das obras, mas pode-se perceber que existe uma sintonia, entre obras e atendimento, e isto nos deixa tranquilo com rela\u00e7\u00e3o ao atendimento\u201d destacou Benvegn\u00fa, afirmando que nos pr\u00f3ximos dias ir\u00e1 visitar outras obras que est\u00e3o em andamento no setor de sa\u00fade.<\/p>\n<p>&nbsp;<\/p>\n","protected":false},"excerpt":{"rendered":"<p>Mesmo com uma agenda muito concorrida o presidente da Funda\u00e7\u00e3o Municipal de Sa\u00fade de Santa&#8230;<\/p>\n","protected":false},"author":11,"featured_media":4667,"comment_status":"open","ping_status":"open","sticky":false,"template":"","format":"standard","meta":{"footnotes":""},"categories":[2],"tags":[],"_links":{"self":[{"href":"https:\/\/www.fumssar.com.br\/index.php?rest_route=\/wp\/v2\/posts\/4664"}],"collection":[{"href":"https:\/\/www.fumssar.com.br\/index.php?rest_route=\/wp\/v2\/posts"}],"about":[{"href":"https:\/\/www.fumssar.com.br\/index.php?rest_route=\/wp\/v2\/types\/post"}],"author":[{"embeddable":true,"href":"https:\/\/www.fumssar.com.br\/index.php?rest_route=\/wp\/v2\/users\/11"}],"replies":[{"embeddable":true,"href":"https:\/\/www.fumssar.com.br\/index.php?rest_route=%2Fwp%2Fv2%2Fcomments&post=4664"}],"version-history":[{"count":1,"href":"https:\/\/www.fumssar.com.br\/index.php?rest_route=\/wp\/v2\/posts\/4664\/revisions"}],"predecessor-version":[{"id":4666,"href":"https:\/\/www.fumssar.com.br\/index.php?rest_route=\/wp\/v2\/posts\/4664\/revisions\/4666"}],"wp:featuredmedia":[{"embeddable":true,"href":"https:\/\/www.fumssar.com.br\/index.php?rest_route=\/wp\/v2\/media\/4667"}],"wp:attachment":[{"href":"https:\/\/www.fumssar.com.br\/index.php?rest_route=%2Fwp%2Fv2%2Fmedia&parent=4664"}],"wp:term":[{"taxonomy":"category","embeddable":true,"href":"https:\/\/www.fumssar.com.br\/index.php?rest_route=%2Fwp%2Fv2%2Fcategories&post=4664"},{"taxonomy":"post_tag","embeddable":true,"href":"https:\/\/www.fumssar.com.br\/index.php?rest_route=%2Fwp%2Fv2%2Ftags&post=4664"}],"curies":[{"name":"wp","href":"https:\/\/api.w.org\/{rel}","templated":true}]}}