{"id":4556,"date":"2015-07-03T08:58:26","date_gmt":"2015-07-03T11:58:26","guid":{"rendered":"http:\/\/www.fumssar.com.br\/?p=4556"},"modified":"2024-10-07T16:35:57","modified_gmt":"2024-10-07T19:35:57","slug":"implantacao-do-curso-de-odontologia-em-santa-rosa-foi-tema-de-encontro","status":"publish","type":"post","link":"https:\/\/www.fumssar.com.br\/?p=4556","title":{"rendered":"Implanta\u00e7\u00e3o do curso de odontologia em Santa Rosa foi tema de encontro"},"content":{"rendered":"<p>Esta semana\u00a0 uma comitiva da Universidade Regional\u00a0 do Noroeste do Rio Grande do Sul-UNIJU\u00cd , esteve\u00a0 em Santa Rosa\u00a0 reunida com a administra\u00e7\u00e3o municipal para tratar da implanta\u00e7\u00e3o do Curso de Odontologia\u00a0 no campus da universidade\u00a0 no munic\u00edpio.\u00a0 O\u00a0\u00a0 Reitor da UNIJU\u00cd Martinho Lu\u00eds Kelm, acompanhado do\u00a0 Pr\u00f3-reitor local\u00a0 Ariosto Spalemberger e da\u00a0 Vice-reitora de gradua\u00e7\u00e3o Catia Maria Nehring foram recebidos pelo Vice-prefeito de Santa Rosa e presidente da Funda\u00e7\u00e3o Municipal de Sa\u00fade \u2013FUMSSAR, Dr. Lu\u00eds Ant\u00f4nio Benvegn\u00fa\u00a0 e demais secret\u00e1rios.\u00a0\u00a0 Na\u00a0 oportunidade\u00a0 o reitor\u00a0 deixou claro que dependendo dele\u00a0 a implanta\u00e7\u00e3o do curso\u00a0 j\u00e1 esta concretizada, pois j\u00e1 foi inclu\u00edda no plano\u00a0 de Investimentos\u00a0 que foi enviado a Minist\u00e9rio de Educa\u00e7\u00e3o,\u00a0 independente\u00a0 da decis\u00e3o\u00a0 da\u00a0 implanta\u00e7\u00e3o do curso de medicina em Iju\u00ed. Dr. Lu\u00eds Ant\u00f4nio Benvegn\u00fa destacou que o encontro foi muito produtivo uma vez que ficou bem claro que\u00a0 a implanta\u00e7\u00e3o do Curso j\u00e1 \u00e9 certa e est\u00e1 prevista para ter in\u00edcio em 2017, ap\u00f3s alguns ajustes de log\u00edstica no Campus da Universidade aqui em Santa Rosa. Para ele este tema \u00e9 um grande avan\u00e7o na \u00e1rea da sa\u00fade. Pois ser\u00e3o formados profissionais\u00a0 aqui na regi\u00e3o ofertando ainda mais servi\u00e7os na \u00a0especialidade.<\/p>\n","protected":false},"excerpt":{"rendered":"<p>Esta semana\u00a0 uma comitiva da Universidade Regional\u00a0 do Noroeste do Rio Grande do Sul-UNIJU\u00cd ,&#8230;<\/p>\n","protected":false},"author":11,"featured_media":4557,"comment_status":"open","ping_status":"open","sticky":false,"template":"","format":"standard","meta":{"footnotes":""},"categories":[2],"tags":[],"_links":{"self":[{"href":"https:\/\/www.fumssar.com.br\/index.php?rest_route=\/wp\/v2\/posts\/4556"}],"collection":[{"href":"https:\/\/www.fumssar.com.br\/index.php?rest_route=\/wp\/v2\/posts"}],"about":[{"href":"https:\/\/www.fumssar.com.br\/index.php?rest_route=\/wp\/v2\/types\/post"}],"author":[{"embeddable":true,"href":"https:\/\/www.fumssar.com.br\/index.php?rest_route=\/wp\/v2\/users\/11"}],"replies":[{"embeddable":true,"href":"https:\/\/www.fumssar.com.br\/index.php?rest_route=%2Fwp%2Fv2%2Fcomments&post=4556"}],"version-history":[{"count":2,"href":"https:\/\/www.fumssar.com.br\/index.php?rest_route=\/wp\/v2\/posts\/4556\/revisions"}],"predecessor-version":[{"id":4561,"href":"https:\/\/www.fumssar.com.br\/index.php?rest_route=\/wp\/v2\/posts\/4556\/revisions\/4561"}],"wp:featuredmedia":[{"embeddable":true,"href":"https:\/\/www.fumssar.com.br\/index.php?rest_route=\/wp\/v2\/media\/4557"}],"wp:attachment":[{"href":"https:\/\/www.fumssar.com.br\/index.php?rest_route=%2Fwp%2Fv2%2Fmedia&parent=4556"}],"wp:term":[{"taxonomy":"category","embeddable":true,"href":"https:\/\/www.fumssar.com.br\/index.php?rest_route=%2Fwp%2Fv2%2Fcategories&post=4556"},{"taxonomy":"post_tag","embeddable":true,"href":"https:\/\/www.fumssar.com.br\/index.php?rest_route=%2Fwp%2Fv2%2Ftags&post=4556"}],"curies":[{"name":"wp","href":"https:\/\/api.w.org\/{rel}","templated":true}]}}