{"id":4481,"date":"2015-07-02T17:10:35","date_gmt":"2015-07-02T20:10:35","guid":{"rendered":"http:\/\/www.fumssar.com.br\/?p=4481"},"modified":"2024-10-07T16:35:57","modified_gmt":"2024-10-07T19:35:57","slug":"postos-de-saude-da-agricola-e-da-auxiliadora-estao-com-plantao-de-inverno","status":"publish","type":"post","link":"https:\/\/www.fumssar.com.br\/?p=4481","title":{"rendered":"Postos de Sa\u00fade da Agr\u00edcola e da Auxiliadora est\u00e3o com plant\u00e3o de inverno"},"content":{"rendered":"<p>&#8211;\u00a0\u00a0\u00a0\u00a0\u00a0\u00a0\u00a0\u00a0\u00a0 A partir do dia 02 de julho iniciam-se os plant\u00f5es do Projeto Inverno com Sa\u00fade 2015 nos postos de sa\u00fade da Agr\u00edcola e da Auxiliadora. Duas vezes por semana estas unidades estar\u00e3o atendendo das 18h30 \u00e0s 21h30, sendo que nas segundas-feiras o atendimento ser\u00e1 feito na Agr\u00edcola e nas quintas-feiras na Auxiliadora. O atendimento contar\u00e1 com uma <b>\u00a0<\/b>equipe formada por 01 m\u00e9dico ,01 enfermeiro e 03 t\u00e9cnicos de enfermagem para atendimento das Infec\u00e7\u00f5es Respirat\u00f3rias Agudas em todas as faixas et\u00e1rias. Segundo \u00a0a Diretora da Aten\u00e7\u00e3o B\u00e1sica Elisiane Bisognin, o trabalho desempenhado nestas unidades ser\u00e1 o acolhimento\u00a0 de todos os que buscarem atendimento por IRA com seguimento do tratamento no posto de sa\u00fade no dia seguinte com prioriza\u00e7\u00e3o da equipe. A diretora ressalta ainda que este atendimento \u00e9 extensivo \u00e0 todos os usu\u00e1rios da rede que necessitando, dever\u00e3o procurar as unidades que participam do projeto<\/p>\n","protected":false},"excerpt":{"rendered":"<p>&#8211;\u00a0\u00a0\u00a0\u00a0\u00a0\u00a0\u00a0\u00a0\u00a0 A partir do dia 02 de julho iniciam-se os plant\u00f5es do Projeto Inverno com&#8230;<\/p>\n","protected":false},"author":11,"featured_media":4482,"comment_status":"open","ping_status":"open","sticky":false,"template":"","format":"standard","meta":{"footnotes":""},"categories":[2],"tags":[],"_links":{"self":[{"href":"https:\/\/www.fumssar.com.br\/index.php?rest_route=\/wp\/v2\/posts\/4481"}],"collection":[{"href":"https:\/\/www.fumssar.com.br\/index.php?rest_route=\/wp\/v2\/posts"}],"about":[{"href":"https:\/\/www.fumssar.com.br\/index.php?rest_route=\/wp\/v2\/types\/post"}],"author":[{"embeddable":true,"href":"https:\/\/www.fumssar.com.br\/index.php?rest_route=\/wp\/v2\/users\/11"}],"replies":[{"embeddable":true,"href":"https:\/\/www.fumssar.com.br\/index.php?rest_route=%2Fwp%2Fv2%2Fcomments&post=4481"}],"version-history":[{"count":2,"href":"https:\/\/www.fumssar.com.br\/index.php?rest_route=\/wp\/v2\/posts\/4481\/revisions"}],"predecessor-version":[{"id":4484,"href":"https:\/\/www.fumssar.com.br\/index.php?rest_route=\/wp\/v2\/posts\/4481\/revisions\/4484"}],"wp:featuredmedia":[{"embeddable":true,"href":"https:\/\/www.fumssar.com.br\/index.php?rest_route=\/wp\/v2\/media\/4482"}],"wp:attachment":[{"href":"https:\/\/www.fumssar.com.br\/index.php?rest_route=%2Fwp%2Fv2%2Fmedia&parent=4481"}],"wp:term":[{"taxonomy":"category","embeddable":true,"href":"https:\/\/www.fumssar.com.br\/index.php?rest_route=%2Fwp%2Fv2%2Fcategories&post=4481"},{"taxonomy":"post_tag","embeddable":true,"href":"https:\/\/www.fumssar.com.br\/index.php?rest_route=%2Fwp%2Fv2%2Ftags&post=4481"}],"curies":[{"name":"wp","href":"https:\/\/api.w.org\/{rel}","templated":true}]}}