{"id":4154,"date":"2015-06-26T14:13:20","date_gmt":"2015-06-26T17:13:20","guid":{"rendered":"http:\/\/www.fumssar.com.br\/?p=4154"},"modified":"2024-10-07T16:35:57","modified_gmt":"2024-10-07T19:35:57","slug":"seminario-do-cerest-atraiu-grande-publico","status":"publish","type":"post","link":"https:\/\/www.fumssar.com.br\/?p=4154","title":{"rendered":"Semin\u00e1rio do CEREST atraiu grande p\u00fablico"},"content":{"rendered":"<p>Realizado nesta quinta-feira, 25, o I Semin\u00e1rio: \u201cA Import\u00e2ncia da Sa\u00fade e da Seguran\u00e7a no Mundo do Trabalho\u201d, atraiu um n\u00famero expressivo de participantes. O evento que foi organizado pelo Centro Regional de Refer\u00eancia em Sa\u00fade do Trabalhador &#8211; Fronteira Noroeste, que foi realizado no audit\u00f3rio da FUMSSAR, foi projetado pensando em discutir temas de interesse ao cuidado e seguran\u00e7a da sa\u00fade dos trabalhadores. Palestrantes de grande n\u00edvel trouxeram aos participantes temas de suma import\u00e2ncia, com palestras e discuss\u00f5es focadas \u00e1 prote\u00e7\u00e3o e esclarecimentos nos temas propostos pelo semin\u00e1rio. Na parte da manh\u00e3 a primeira palestra ficou a cargo do Dr.Lu\u00eds Ant\u00f4nio Benvegn\u00fa, atual presidente da FUMSSAR, que falou sobre o tema: \u2018 A Sa\u00fade do Trabalhador e o SUS\u201d. Logo ap\u00f3s o tema focado foi trazido pela Advogada Dr\u00aa. Karina Miranda que falou sobre: \u201c Os Direitos dos Trabalhadores Adoecidos e a Proibi\u00e7\u00e3o da Puni\u00e7\u00e3o\u201d. Dando sequ\u00eancia na parte da tarde o Procurador do Minist\u00e9rio P\u00fablico do Trabalho Dr. Itaboray Bocchi da Silva, proferiu palestra sobre: \u201cOs Mecanismos Utilizados pelo MPT na Tutela Coletiva dos Direitos do Trabalhador\u201d. Durante a realiza\u00e7\u00e3o do evento, al\u00e9m das palestras o p\u00fablico interagiu com os palestrantes, fazendo perguntas e emitindo opini\u00f5es. O Prefeito em exerc\u00edcio, que \u00e9 o presidente da Funda\u00e7\u00e3o Municipal de Sa\u00fade de Santa Rosa, Dr. Lu\u00eds Ant\u00f4nio Benvegn\u00fa, parabenizou a organiza\u00e7\u00e3o do evento, destacando a discuss\u00e3o de um tema que passa despercebido pela maioria das pessoas, que \u00e9 o cuidado com a sa\u00fade dos trabalhadores. Benvegn\u00fa lembra que este tema deve estar sempre presente no dia a dia de cada ser, seja no desempenho de sua fun\u00e7\u00e3o no emprego, bem como em todas atividades do cotidiano do cidad\u00e3o.<\/p>\n<p>\u00a0<a href=\"http:\/\/www.fumssar.com.br\/wp-content\/uploads\/2015\/06\/seminario-CEREST2.jpg\"><img loading=\"lazy\" decoding=\"async\" class=\"alignnone size-medium wp-image-4156\" alt=\"seminario CEREST2\" src=\"http:\/\/www.fumssar.com.br\/wp-content\/uploads\/2015\/06\/seminario-CEREST2-300x225.jpg\" width=\"300\" height=\"225\" srcset=\"https:\/\/www.fumssar.com.br\/wp-content\/uploads\/2015\/06\/seminario-CEREST2-300x225.jpg 300w, https:\/\/www.fumssar.com.br\/wp-content\/uploads\/2015\/06\/seminario-CEREST2.jpg 800w\" sizes=\"(max-width: 300px) 100vw, 300px\" \/><\/a><\/p>\n","protected":false},"excerpt":{"rendered":"<p>Realizado nesta quinta-feira, 25, o I Semin\u00e1rio: \u201cA Import\u00e2ncia da Sa\u00fade e da Seguran\u00e7a no&#8230;<\/p>\n","protected":false},"author":11,"featured_media":4155,"comment_status":"open","ping_status":"open","sticky":false,"template":"","format":"standard","meta":{"footnotes":""},"categories":[2],"tags":[],"_links":{"self":[{"href":"https:\/\/www.fumssar.com.br\/index.php?rest_route=\/wp\/v2\/posts\/4154"}],"collection":[{"href":"https:\/\/www.fumssar.com.br\/index.php?rest_route=\/wp\/v2\/posts"}],"about":[{"href":"https:\/\/www.fumssar.com.br\/index.php?rest_route=\/wp\/v2\/types\/post"}],"author":[{"embeddable":true,"href":"https:\/\/www.fumssar.com.br\/index.php?rest_route=\/wp\/v2\/users\/11"}],"replies":[{"embeddable":true,"href":"https:\/\/www.fumssar.com.br\/index.php?rest_route=%2Fwp%2Fv2%2Fcomments&post=4154"}],"version-history":[{"count":2,"href":"https:\/\/www.fumssar.com.br\/index.php?rest_route=\/wp\/v2\/posts\/4154\/revisions"}],"predecessor-version":[{"id":4158,"href":"https:\/\/www.fumssar.com.br\/index.php?rest_route=\/wp\/v2\/posts\/4154\/revisions\/4158"}],"wp:featuredmedia":[{"embeddable":true,"href":"https:\/\/www.fumssar.com.br\/index.php?rest_route=\/wp\/v2\/media\/4155"}],"wp:attachment":[{"href":"https:\/\/www.fumssar.com.br\/index.php?rest_route=%2Fwp%2Fv2%2Fmedia&parent=4154"}],"wp:term":[{"taxonomy":"category","embeddable":true,"href":"https:\/\/www.fumssar.com.br\/index.php?rest_route=%2Fwp%2Fv2%2Fcategories&post=4154"},{"taxonomy":"post_tag","embeddable":true,"href":"https:\/\/www.fumssar.com.br\/index.php?rest_route=%2Fwp%2Fv2%2Ftags&post=4154"}],"curies":[{"name":"wp","href":"https:\/\/api.w.org\/{rel}","templated":true}]}}