{"id":4151,"date":"2015-06-25T17:14:27","date_gmt":"2015-06-25T20:14:27","guid":{"rendered":"http:\/\/www.fumssar.com.br\/?p=4151"},"modified":"2024-10-07T16:35:57","modified_gmt":"2024-10-07T19:35:57","slug":"fumssar-implanta-equipamentos-de-ginasticas-para-portadores-de-necessidades-especiais","status":"publish","type":"post","link":"https:\/\/www.fumssar.com.br\/?p=4151","title":{"rendered":"FUMSSAR implanta equipamentos de gin\u00e1sticas para portadores de necessidades especiais"},"content":{"rendered":"<p>Num primeiro momento, tr\u00eas locais da cidade ter\u00e3o equipamentos de gin\u00e1sticas especialmente voltados para a pr\u00e1tica de exerc\u00edcios para pessoas portadoras necessidades especiais. O primeiro equipamento foi instalado na Pra\u00e7a da Independ\u00eancia onde est\u00e1 sendo disponibilizada uma academia aberta, e outros dois pontos ser\u00e3o as academias situadas nas proximidades do quartel e na pra\u00e7a central do bairro Cruzeiro. Aldair Melchior que responde interinamente pela presid\u00eancia da FUMSSAR explica que neste primeiro momento estes tr\u00eas pontos est\u00e3o servindo uma parcela bem significativa de PNEs da cidade, e que gradativamente este servi\u00e7o poder\u00e1 alcan\u00e7ar outras academias j\u00e1 existentes. Melchior destacou que a inten\u00e7\u00e3o \u00e9 inserir o portador de necessidades especiais na pr\u00e1tica de exerc\u00edcios f\u00edsicos, proporcionando uma melhoria na qualidade de vida dos usu\u00e1rios.<\/p>\n<p>&nbsp;<\/p>\n","protected":false},"excerpt":{"rendered":"<p>Num primeiro momento, tr\u00eas locais da cidade ter\u00e3o equipamentos de gin\u00e1sticas especialmente voltados para a&#8230;<\/p>\n","protected":false},"author":11,"featured_media":4152,"comment_status":"open","ping_status":"open","sticky":false,"template":"","format":"standard","meta":{"footnotes":""},"categories":[2],"tags":[],"_links":{"self":[{"href":"https:\/\/www.fumssar.com.br\/index.php?rest_route=\/wp\/v2\/posts\/4151"}],"collection":[{"href":"https:\/\/www.fumssar.com.br\/index.php?rest_route=\/wp\/v2\/posts"}],"about":[{"href":"https:\/\/www.fumssar.com.br\/index.php?rest_route=\/wp\/v2\/types\/post"}],"author":[{"embeddable":true,"href":"https:\/\/www.fumssar.com.br\/index.php?rest_route=\/wp\/v2\/users\/11"}],"replies":[{"embeddable":true,"href":"https:\/\/www.fumssar.com.br\/index.php?rest_route=%2Fwp%2Fv2%2Fcomments&post=4151"}],"version-history":[{"count":1,"href":"https:\/\/www.fumssar.com.br\/index.php?rest_route=\/wp\/v2\/posts\/4151\/revisions"}],"predecessor-version":[{"id":4153,"href":"https:\/\/www.fumssar.com.br\/index.php?rest_route=\/wp\/v2\/posts\/4151\/revisions\/4153"}],"wp:featuredmedia":[{"embeddable":true,"href":"https:\/\/www.fumssar.com.br\/index.php?rest_route=\/wp\/v2\/media\/4152"}],"wp:attachment":[{"href":"https:\/\/www.fumssar.com.br\/index.php?rest_route=%2Fwp%2Fv2%2Fmedia&parent=4151"}],"wp:term":[{"taxonomy":"category","embeddable":true,"href":"https:\/\/www.fumssar.com.br\/index.php?rest_route=%2Fwp%2Fv2%2Fcategories&post=4151"},{"taxonomy":"post_tag","embeddable":true,"href":"https:\/\/www.fumssar.com.br\/index.php?rest_route=%2Fwp%2Fv2%2Ftags&post=4151"}],"curies":[{"name":"wp","href":"https:\/\/api.w.org\/{rel}","templated":true}]}}