{"id":4133,"date":"2015-06-19T16:10:44","date_gmt":"2015-06-19T19:10:44","guid":{"rendered":"http:\/\/www.fumssar.com.br\/?p=4133"},"modified":"2024-10-07T16:35:57","modified_gmt":"2024-10-07T19:35:57","slug":"fumssar-e-senar-qualificam-coordenadores-de-equipes","status":"publish","type":"post","link":"https:\/\/www.fumssar.com.br\/?p=4133","title":{"rendered":"FUMSSAR e SENAR  qualificam coordenadores de equipes"},"content":{"rendered":"<p><a href=\"http:\/\/www.fumssar.com.br\/wp-content\/uploads\/2015\/06\/curso-relacionamento-2.jpg\"><img loading=\"lazy\" decoding=\"async\" class=\"alignnone size-medium wp-image-4135\" alt=\"curso relacionamento 2\" src=\"http:\/\/www.fumssar.com.br\/wp-content\/uploads\/2015\/06\/curso-relacionamento-2-300x225.jpg\" width=\"300\" height=\"225\" srcset=\"https:\/\/www.fumssar.com.br\/wp-content\/uploads\/2015\/06\/curso-relacionamento-2-300x225.jpg 300w, https:\/\/www.fumssar.com.br\/wp-content\/uploads\/2015\/06\/curso-relacionamento-2.jpg 800w\" sizes=\"(max-width: 300px) 100vw, 300px\" \/><\/a>Pensando em qualificar ainda mais o atendimento nas unidades e setores, a Funda\u00e7\u00e3o Municipal\u00a0 de Sa\u00fade de Santa Rosa- FUMSSAR atrav\u00e9s do\u00a0 Servi\u00e7o Nacional de Aprendizagem Rural- SENAR\/RS, foi ministrado um curso de \u201c Autoconhecimento\u00a0 e Relacionamento Interpessoal\u201d no dia 19\/6. O curso ministrado pela\u00a0 Psic\u00f3loga Charlize Naina Griebler\u00a0 tratou de temas\u00a0 como autoconhecimento, valores pessoais, \u00e9tica, motiva\u00e7\u00e3o relacionamento interpessoal\u00a0 planejamento em v\u00e1rias a\u00e7\u00f5es.\u00a0 O objetivo do curso \u00e9 promover\u00a0 o autoconhecimento pessoal, buscando melhorar o relacionamento\u00a0 com outras pessoas. O presidente da FUMSSAR, Dr. Lu\u00eds Ant\u00f4nio Benvegn\u00fa destacou que foi pensado em\u00a0 investir nestes temas primeiramente com os coordenadores de unidades e de equipes para que eles possam levar este conhecimento para os demais servidores que atendem o p\u00fablico diariamente nos\u00a0 diversos setores da\u00a0 funda\u00e7\u00e3o, desta forma\u00a0 estar\u00e3o qualificando ainda mais o atendimento aos usu\u00e1rios do SUS. \u201c Esperamos que este trabalho traga bons resultados e qualifique ainda mais o atendimento aos nossos usu\u00e1rios\u201d frisou Benvegn\u00fa que prestigiou a abertura do curso.<\/p>\n","protected":false},"excerpt":{"rendered":"<p>Pensando em qualificar ainda mais o atendimento nas unidades e setores, a Funda\u00e7\u00e3o Municipal\u00a0 de&#8230;<\/p>\n","protected":false},"author":11,"featured_media":4134,"comment_status":"open","ping_status":"open","sticky":false,"template":"","format":"standard","meta":{"footnotes":""},"categories":[2],"tags":[],"_links":{"self":[{"href":"https:\/\/www.fumssar.com.br\/index.php?rest_route=\/wp\/v2\/posts\/4133"}],"collection":[{"href":"https:\/\/www.fumssar.com.br\/index.php?rest_route=\/wp\/v2\/posts"}],"about":[{"href":"https:\/\/www.fumssar.com.br\/index.php?rest_route=\/wp\/v2\/types\/post"}],"author":[{"embeddable":true,"href":"https:\/\/www.fumssar.com.br\/index.php?rest_route=\/wp\/v2\/users\/11"}],"replies":[{"embeddable":true,"href":"https:\/\/www.fumssar.com.br\/index.php?rest_route=%2Fwp%2Fv2%2Fcomments&post=4133"}],"version-history":[{"count":1,"href":"https:\/\/www.fumssar.com.br\/index.php?rest_route=\/wp\/v2\/posts\/4133\/revisions"}],"predecessor-version":[{"id":4136,"href":"https:\/\/www.fumssar.com.br\/index.php?rest_route=\/wp\/v2\/posts\/4133\/revisions\/4136"}],"wp:featuredmedia":[{"embeddable":true,"href":"https:\/\/www.fumssar.com.br\/index.php?rest_route=\/wp\/v2\/media\/4134"}],"wp:attachment":[{"href":"https:\/\/www.fumssar.com.br\/index.php?rest_route=%2Fwp%2Fv2%2Fmedia&parent=4133"}],"wp:term":[{"taxonomy":"category","embeddable":true,"href":"https:\/\/www.fumssar.com.br\/index.php?rest_route=%2Fwp%2Fv2%2Fcategories&post=4133"},{"taxonomy":"post_tag","embeddable":true,"href":"https:\/\/www.fumssar.com.br\/index.php?rest_route=%2Fwp%2Fv2%2Ftags&post=4133"}],"curies":[{"name":"wp","href":"https:\/\/api.w.org\/{rel}","templated":true}]}}