{"id":4129,"date":"2015-06-19T11:02:03","date_gmt":"2015-06-19T14:02:03","guid":{"rendered":"http:\/\/www.fumssar.com.br\/?p=4129"},"modified":"2024-10-07T16:35:57","modified_gmt":"2024-10-07T19:35:57","slug":"forum-discutiu-saude-mentalalcool-e-drogas","status":"publish","type":"post","link":"https:\/\/www.fumssar.com.br\/?p=4129","title":{"rendered":"F\u00f3rum  discutiu Sa\u00fade Mental\/\u00c1lcool e Drogas"},"content":{"rendered":"<p>Evento realizado pelo CAPS AD e CAPS Novo Rumo de Santa Rosa, reuniu centenas de pessoas que lotaram o audit\u00f3rio\u00a0 da UNIJU\u00cd na quinta-feira,18. O IV F\u00f3rum de Sa\u00fade Mental \u00c1lcool e Drogas\/Redes Formativas, debateu o tema com diversos profissionais\u00a0 de CAPS, UBS, NAAB, NASF, hospitais, resid\u00eancia m\u00e9dica e multiprofissionais, profissionais de educa\u00e7\u00e3o e\u00a0 diversas outras \u00e1reas. O evento iniciou com uma mesa redonda Pol\u00edticas P\u00fablicas \u00c1lcool e Outras Drogas Representante do Minist\u00e9rio da Sa\u00fade\/ Pol\u00edtica de Sa\u00fade Mental \u2013 Pollyanna Pimentel, representantes do CAPS AD Alvarenga- S\u00e3o Bernardo do Campo\/S\u00e3o Paulo Daniele Vieira e Olivia Resende\u00a0 e a representante do CAPS AD Movimento Santa Rosa\/RS \u2013 M\u00e9dica Fabiana Breitenbach tendo como debatedora Claudia Andreia Roncato- Coordenadora CAPS AD Movimento Na parte da tarde houve a apresenta\u00e7\u00e3o do document\u00e1rio: \u201cUnidos pela Dan\u00e7a- Cineasta em Movimento\u201d Produzido na Oficina de Cinema do CAPS AD\/. Logo ap\u00f3s foram realizadas oficinas\u00a0 debatedoras\u00a0 entre os participantes. Na abertura oficial participaram diversas autoridades do munic\u00edpio. O presidente da Funda\u00e7\u00e3o Municipal de Sa\u00fade- FUMSSAR, Dr. Lu\u00eds Ant\u00f4nio Benvegn\u00fa,\u00a0 destacou que o F\u00f3rum \u00e9 um evento de suma import\u00e2ncia pois envolve um tema que nos dias atuais preocupa muito a popula\u00e7\u00e3o, causando danos \u00e0 sociedade. E que a troca de experi\u00eancias entre os diversos profissionais contribuem muito para que cada profissional possa qualificar ainda mais o trabalho nas unidades onde desempenham suas fun\u00e7\u00f5es. O prefeito de Santa Rosa, Alcides Vicini deu a boas vindas\u00a0 aos participantes, ressaltando que a administra\u00e7\u00e3o municipal sente-se honrada em oferecer um evento para debater um tema que \u00e9 uma quest\u00e3o s\u00e9ria de sa\u00fade e\u00a0 social.<\/p>\n<p>&nbsp;<\/p>\n<p>&nbsp;<\/p>\n<p><a href=\"http:\/\/www.fumssar.com.br\/wp-content\/uploads\/2015\/06\/fotos-forum-2.jpg\"><img loading=\"lazy\" decoding=\"async\" class=\"alignnone size-medium wp-image-4131\" alt=\"fotos forum 2\" src=\"http:\/\/www.fumssar.com.br\/wp-content\/uploads\/2015\/06\/fotos-forum-2-300x225.jpg\" width=\"300\" height=\"225\" srcset=\"https:\/\/www.fumssar.com.br\/wp-content\/uploads\/2015\/06\/fotos-forum-2-300x225.jpg 300w, https:\/\/www.fumssar.com.br\/wp-content\/uploads\/2015\/06\/fotos-forum-2.jpg 800w\" sizes=\"(max-width: 300px) 100vw, 300px\" \/><\/a><\/p>\n","protected":false},"excerpt":{"rendered":"<p>Evento realizado pelo CAPS AD e CAPS Novo Rumo de Santa Rosa, reuniu centenas de&#8230;<\/p>\n","protected":false},"author":11,"featured_media":4130,"comment_status":"open","ping_status":"open","sticky":false,"template":"","format":"standard","meta":{"footnotes":""},"categories":[2],"tags":[],"_links":{"self":[{"href":"https:\/\/www.fumssar.com.br\/index.php?rest_route=\/wp\/v2\/posts\/4129"}],"collection":[{"href":"https:\/\/www.fumssar.com.br\/index.php?rest_route=\/wp\/v2\/posts"}],"about":[{"href":"https:\/\/www.fumssar.com.br\/index.php?rest_route=\/wp\/v2\/types\/post"}],"author":[{"embeddable":true,"href":"https:\/\/www.fumssar.com.br\/index.php?rest_route=\/wp\/v2\/users\/11"}],"replies":[{"embeddable":true,"href":"https:\/\/www.fumssar.com.br\/index.php?rest_route=%2Fwp%2Fv2%2Fcomments&post=4129"}],"version-history":[{"count":1,"href":"https:\/\/www.fumssar.com.br\/index.php?rest_route=\/wp\/v2\/posts\/4129\/revisions"}],"predecessor-version":[{"id":4132,"href":"https:\/\/www.fumssar.com.br\/index.php?rest_route=\/wp\/v2\/posts\/4129\/revisions\/4132"}],"wp:featuredmedia":[{"embeddable":true,"href":"https:\/\/www.fumssar.com.br\/index.php?rest_route=\/wp\/v2\/media\/4130"}],"wp:attachment":[{"href":"https:\/\/www.fumssar.com.br\/index.php?rest_route=%2Fwp%2Fv2%2Fmedia&parent=4129"}],"wp:term":[{"taxonomy":"category","embeddable":true,"href":"https:\/\/www.fumssar.com.br\/index.php?rest_route=%2Fwp%2Fv2%2Fcategories&post=4129"},{"taxonomy":"post_tag","embeddable":true,"href":"https:\/\/www.fumssar.com.br\/index.php?rest_route=%2Fwp%2Fv2%2Ftags&post=4129"}],"curies":[{"name":"wp","href":"https:\/\/api.w.org\/{rel}","templated":true}]}}