{"id":4121,"date":"2015-06-17T17:31:00","date_gmt":"2015-06-17T20:31:00","guid":{"rendered":"http:\/\/www.fumssar.com.br\/?p=4121"},"modified":"2024-10-07T16:35:57","modified_gmt":"2024-10-07T19:35:57","slug":"fumssar-e-municipio-de-horizontina-assinam-o-convenio-do-samu","status":"publish","type":"post","link":"https:\/\/www.fumssar.com.br\/?p=4121","title":{"rendered":"FUMSSAR e Munic\u00edpio de Horizontina assinam o conv\u00eanio do SAMU"},"content":{"rendered":"<p>Um ato realizado hoje a tarde, marcou a assinatura do conv\u00eanio que prev\u00ea a continuidade dos servi\u00e7os do SAMU no munic\u00edpio de Horizontina. O conv\u00eanio prev\u00ea a presta\u00e7\u00e3o dos servi\u00e7os por mais dois anos com um repasse mensal de cerca de R$ 36 mil mensais, que ser\u00e3o repassados \u00e0 Funda\u00e7\u00e3o\u00a0 Municipal de Sa\u00fade de Santa Rosa- FUMSSAR que gerencia os servi\u00e7os em\u00a0 mais outros dois munic\u00edpios da regi\u00e3o. O prefeito de Horizontina Nildo Hickmann destacou o momento como muito importante para a sa\u00fade do munic\u00edpio, uma vez que o SAMU desde que atua na cidade j\u00e1 salvou muitas vidas, prestando servi\u00e7os de qualidade \u00e0 popula\u00e7\u00e3o. \u201c Estamos felizes neste ato,por estarmos destinando mais recursos para a sa\u00fade de nossa popula\u00e7\u00e3o\u201d ressaltou o prefeito. Para o vice prefeito Dionir Bianchi, a comunidade \u00a0est\u00e1 tendo a garantia da perman\u00eancia de que o SAMU de Horizontina ir\u00e1 continuar atendendo com qualidade os servi\u00e7os m\u00f3veis de urg\u00eancia e emerg\u00eancia. Aldair Melchior diretor da gest\u00e3o administrativa da FUMSSAR, frisou o cuidado\u00a0 que os gestores devem ter na aplica\u00e7\u00e3o dos recursos,destacando que a constru\u00e7\u00e3o da renova\u00e7\u00e3o dos contratos de presta\u00e7\u00e3o dos servi\u00e7os na regi\u00e3o teve um amplo estudo, pautando sempre\u00a0 na aplica\u00e7\u00e3o correta dos recursos \u00a0garantindo um atendimento de qualidade aos usu\u00e1rios dos servi\u00e7os. Participaram do ato o diretor da gest\u00e3o complementar da FUMSSAR,D\u00e9lcio Stefam, o presidente do conselho municipal de sa\u00fade de Horizontina\u00a0 Rubens Vera, a diretora da aten\u00e7\u00e3o b\u00e1sica Gislaine Melca e funcion\u00e1rios do SAMU do munic\u00edpio. Nos pr\u00f3ximos dias\u00a0 ser\u00e3o assinados os contratos com os munic\u00edpios de Tr\u00eas de Maio e Giru\u00e1.<\/p>\n","protected":false},"excerpt":{"rendered":"<p>Um ato realizado hoje a tarde, marcou a assinatura do conv\u00eanio que prev\u00ea a continuidade&#8230;<\/p>\n","protected":false},"author":11,"featured_media":4122,"comment_status":"open","ping_status":"open","sticky":false,"template":"","format":"standard","meta":{"footnotes":""},"categories":[2],"tags":[],"_links":{"self":[{"href":"https:\/\/www.fumssar.com.br\/index.php?rest_route=\/wp\/v2\/posts\/4121"}],"collection":[{"href":"https:\/\/www.fumssar.com.br\/index.php?rest_route=\/wp\/v2\/posts"}],"about":[{"href":"https:\/\/www.fumssar.com.br\/index.php?rest_route=\/wp\/v2\/types\/post"}],"author":[{"embeddable":true,"href":"https:\/\/www.fumssar.com.br\/index.php?rest_route=\/wp\/v2\/users\/11"}],"replies":[{"embeddable":true,"href":"https:\/\/www.fumssar.com.br\/index.php?rest_route=%2Fwp%2Fv2%2Fcomments&post=4121"}],"version-history":[{"count":1,"href":"https:\/\/www.fumssar.com.br\/index.php?rest_route=\/wp\/v2\/posts\/4121\/revisions"}],"predecessor-version":[{"id":4123,"href":"https:\/\/www.fumssar.com.br\/index.php?rest_route=\/wp\/v2\/posts\/4121\/revisions\/4123"}],"wp:featuredmedia":[{"embeddable":true,"href":"https:\/\/www.fumssar.com.br\/index.php?rest_route=\/wp\/v2\/media\/4122"}],"wp:attachment":[{"href":"https:\/\/www.fumssar.com.br\/index.php?rest_route=%2Fwp%2Fv2%2Fmedia&parent=4121"}],"wp:term":[{"taxonomy":"category","embeddable":true,"href":"https:\/\/www.fumssar.com.br\/index.php?rest_route=%2Fwp%2Fv2%2Fcategories&post=4121"},{"taxonomy":"post_tag","embeddable":true,"href":"https:\/\/www.fumssar.com.br\/index.php?rest_route=%2Fwp%2Fv2%2Ftags&post=4121"}],"curies":[{"name":"wp","href":"https:\/\/api.w.org\/{rel}","templated":true}]}}