{"id":4071,"date":"2015-06-09T16:52:28","date_gmt":"2015-06-09T19:52:28","guid":{"rendered":"http:\/\/www.fumssar.com.br\/?p=4071"},"modified":"2024-10-07T16:35:57","modified_gmt":"2024-10-07T19:35:57","slug":"municipio-assinou-contrato-com-o-hospital-vida-saude-para-gerenciamento-da-upa","status":"publish","type":"post","link":"https:\/\/www.fumssar.com.br\/?p=4071","title":{"rendered":"Munic\u00edpio assinou contrato com o Hospital  Vida &amp; Sa\u00fade para gerenciamento da UPA"},"content":{"rendered":"<p>Assinado na manh\u00e3 desta segunda-feira, 08, o contrato entre o munic\u00edpio de Santa Rosa, FUMSSAR e o Hospital Vida &amp; Sa\u00fade para a continuidade da presta\u00e7\u00e3o de servi\u00e7os da Unidade de Pronto Atendimento 24 horas \u2013UPA de Santa Rosa. O contrato prev\u00ea um aumento de repasse de R$ 675 mil mensais com um aumento de R$ 35 mil em cima dos R$ 640 mil do contrato anterior.\u00a0 A assinatura foi realizada na C\u00e2mara de Vereadores durante uma reuni\u00e3o da Comiss\u00e3o de Sa\u00fade do Legislativo, Vereadores, Prefeitura, FUMSSAR e a Dire\u00e7\u00e3o do Hospital. Durante o encontro, o prefeito Alcides Vicini colocou aos presentes as dificuldades encontradas tendo em vista a crise por pelo qual perpassa o Pa\u00eds e que vem como um efeito cascata atingindo todas as esferas de governo e tamb\u00e9m todas as camadas da sociedade. Vicini frisou que o momento \u00e9 de muita cautela, e que toda e qualquer medida deve ser tomada com muito planejamento. O prefeito destacou que a lei estabelece que o munic\u00edpio deve investir 15% de seu or\u00e7amento em sa\u00fade, e atualmente Santa Rosa j\u00e1 atingiu os 18%, ao contr\u00e1rio das esferas superiores que n\u00e3o cumprem os percentuais estabelecidos. \u201cTemos hoje a certeza de que o que estamos contratando aqui \u00e9 o m\u00e1ximo do que podemos chegar, e queremos garantir um atendimento de qualidade \u00e0 nossa popula\u00e7\u00e3o\u201d ressaltou o prefeito. O presidente do Hospital Vida &amp; Sa\u00fade Anderson Mantei fez um relato sobre a situa\u00e7\u00e3o da institui\u00e7\u00e3o que vem mantendo os servi\u00e7os, mas que chegaram a uma situa\u00e7\u00e3o cr\u00edtica. Na reuni\u00e3o a C\u00e2mara de Vereadores assumiu o compromisso de repassar R$ 50 mil de seus recursos para o munic\u00edpio para serem utilizados na sa\u00fade.<\/p>\n<p>O presidente da FUMSSAR, Dr. Lu\u00eds Ant\u00f4nio Benvegn\u00fa, disse que ap\u00f3s muitos encontros e tratativas a situa\u00e7\u00e3o chega num desfecho que ir\u00e1 garantir os servi\u00e7os da UPA \u00e0 popula\u00e7\u00e3o, ele lembrou que o momento em que \u00e9 vivido quanto ao repasse de verbas, deve ser pensado com muita responsabilidade. O presidente disse que o contrato com o HVS, tamb\u00e9m deve ser assinado e o do SAMU, est\u00e1 em tratativas, e na pr\u00f3xima quarta-feira haver\u00e1 uma reuni\u00e3o com os demais munic\u00edpios da regi\u00e3o que utilizam os servi\u00e7os, para que seja tomada uma decis\u00e3o. \u201cToda decis\u00e3o que tomarmos agora, deve ser muito bem pensada, para n\u00e3o termos problemas adiante\u201d. Finalizou Benvegn\u00fa. \u00a0No in\u00edcio da tarde o presidente da FUMSSAR confirmou com o diretor da Gest\u00e3o Administrativa\u00a0 Aldair\u00a0Melchior \u00a0o repasse de R$ 1.050 mil na conta do Hospital Vida &amp; Sa\u00fade, referente a atrasos de servi\u00e7os prestados pela institui\u00e7\u00e3o.<\/p>\n<p>&nbsp;<\/p>\n<p><a href=\"http:\/\/www.fumssar.com.br\/wp-content\/uploads\/2015\/06\/contrato-HVS.jpg\"><img loading=\"lazy\" decoding=\"async\" class=\"alignnone size-medium wp-image-4073\" alt=\"contrato HVS\" src=\"http:\/\/www.fumssar.com.br\/wp-content\/uploads\/2015\/06\/contrato-HVS-300x225.jpg\" width=\"300\" height=\"225\" srcset=\"https:\/\/www.fumssar.com.br\/wp-content\/uploads\/2015\/06\/contrato-HVS-300x225.jpg 300w, https:\/\/www.fumssar.com.br\/wp-content\/uploads\/2015\/06\/contrato-HVS.jpg 800w\" sizes=\"(max-width: 300px) 100vw, 300px\" \/><\/a><\/p>\n","protected":false},"excerpt":{"rendered":"<p>Assinado na manh\u00e3 desta segunda-feira, 08, o contrato entre o munic\u00edpio de Santa Rosa, FUMSSAR&#8230;<\/p>\n","protected":false},"author":11,"featured_media":4072,"comment_status":"open","ping_status":"open","sticky":false,"template":"","format":"standard","meta":{"footnotes":""},"categories":[2],"tags":[],"_links":{"self":[{"href":"https:\/\/www.fumssar.com.br\/index.php?rest_route=\/wp\/v2\/posts\/4071"}],"collection":[{"href":"https:\/\/www.fumssar.com.br\/index.php?rest_route=\/wp\/v2\/posts"}],"about":[{"href":"https:\/\/www.fumssar.com.br\/index.php?rest_route=\/wp\/v2\/types\/post"}],"author":[{"embeddable":true,"href":"https:\/\/www.fumssar.com.br\/index.php?rest_route=\/wp\/v2\/users\/11"}],"replies":[{"embeddable":true,"href":"https:\/\/www.fumssar.com.br\/index.php?rest_route=%2Fwp%2Fv2%2Fcomments&post=4071"}],"version-history":[{"count":2,"href":"https:\/\/www.fumssar.com.br\/index.php?rest_route=\/wp\/v2\/posts\/4071\/revisions"}],"predecessor-version":[{"id":4075,"href":"https:\/\/www.fumssar.com.br\/index.php?rest_route=\/wp\/v2\/posts\/4071\/revisions\/4075"}],"wp:featuredmedia":[{"embeddable":true,"href":"https:\/\/www.fumssar.com.br\/index.php?rest_route=\/wp\/v2\/media\/4072"}],"wp:attachment":[{"href":"https:\/\/www.fumssar.com.br\/index.php?rest_route=%2Fwp%2Fv2%2Fmedia&parent=4071"}],"wp:term":[{"taxonomy":"category","embeddable":true,"href":"https:\/\/www.fumssar.com.br\/index.php?rest_route=%2Fwp%2Fv2%2Fcategories&post=4071"},{"taxonomy":"post_tag","embeddable":true,"href":"https:\/\/www.fumssar.com.br\/index.php?rest_route=%2Fwp%2Fv2%2Ftags&post=4071"}],"curies":[{"name":"wp","href":"https:\/\/api.w.org\/{rel}","templated":true}]}}