{"id":4009,"date":"2015-06-01T10:36:20","date_gmt":"2015-06-01T13:36:20","guid":{"rendered":"http:\/\/www.fumssar.com.br\/?p=4009"},"modified":"2024-10-07T16:35:58","modified_gmt":"2024-10-07T19:35:58","slug":"unidade-de-saude-da-sulina-promoveu-encontro-de-ex-tabagistas","status":"publish","type":"post","link":"https:\/\/www.fumssar.com.br\/?p=4009","title":{"rendered":"Unidade de Sa\u00fade da Sulina promoveu encontro de Ex \u2013 Tabagistas"},"content":{"rendered":"<p>O dia 31 de maio \u00e9 a data que marca o \u201cDia Mundial de Combate ao Tabagismo\u201d, a data tamb\u00e9m \u00e9 alusiva ao \u201cDia Estadual de Luta Contra o C\u00e2ncer Bucal\u201d, e o Grupo de Tabagismo da Unidade de Sa\u00fade Sulina comemora oito anos de atividades. Pensando nisto a coordena\u00e7\u00e3o do Grupo realizou uma atividade de confraterniza\u00e7\u00e3o na tarde deste domingo, 31 na sede do Clube Ipiranga do Bairro Sulina, com pessoas que deixaram o v\u00edcio do tabaco. \u00a0A M\u00e9dica Eola Mar Siqueira Dino que coordena os grupos de tabagismo da unidade ressaltou que o trabalho realizado no combate ao tabagismo \u00e9 muito importante no momento em que surge na pessoa a vontade de parar, e o grupo \u00e9 um mecanismo muito aliado do usu\u00e1rio neste momento. Dr\u00aa. Eola provocou no evento uma exposi\u00e7\u00e3o de depoimentos dos participantes do grupo, para que expusessem suas experi\u00eancias particulares.\u00a0 Nos diversos relatos, os participantes demonstraram muita satisfa\u00e7\u00e3o ap\u00f3s deixarem o uso de tabaco, e todos destacaram que a qualidade de vida mudou significativamente. Uma das participantes relatou que quando fumava nunca pensava em realizar atividades f\u00edsicas, e atualmente desenvolve uma vida muito saud\u00e1vel praticando diversos exerc\u00edcios.\u00a0 Outro ex-tabagista destacou que al\u00e9m de mudar a qualidade de vida no que se refere \u00e0 sa\u00fade, o abandono do v\u00edcio tamb\u00e9m melhorou o conv\u00edvio social e familiar. A Coordenadora da Unidade da Sulina Janice Kuhn ressaltou que quando surgiu \u00e0 id\u00e9ia de criar os grupos de combate ao tabagismo, ela n\u00e3o acreditava em um sucesso da atividade, mas, atualmente ela aposta muito, pois foram not\u00f3rios os resultados apresentados. A Diretora de Aten\u00e7\u00e3o B\u00e1sica da FUMSSAR, Elisiane Bisognin parabenizou a todos os participantes e a equipe que trabalha com o grupo, pelo trabalho realizado, e que os resultados refletem na preven\u00e7\u00e3o de doen\u00e7as que o uso de tabaco provoca e que s\u00e3o muitas.<\/p>\n<p>No evento al\u00e9m de uma grande roda de conversas tamb\u00e9m foram realizadas atividades f\u00edsicas e logo ap\u00f3s um ch\u00e1 com petiscos foi servido aos participantes. No encontro tamb\u00e9m houve a participa\u00e7\u00e3o de profissionais e usu\u00e1rios das oficinas terap\u00eauticas que apresentaram parte dos trabalhos de artesanato produzido por eles.<a href=\"http:\/\/www.fumssar.com.br\/wp-content\/uploads\/2015\/06\/tabagismo-reuni.jpg\"><img loading=\"lazy\" decoding=\"async\" class=\"alignnone size-medium wp-image-4011\" alt=\"tabagismo reuni\" src=\"http:\/\/www.fumssar.com.br\/wp-content\/uploads\/2015\/06\/tabagismo-reuni-300x225.jpg\" width=\"300\" height=\"225\" srcset=\"https:\/\/www.fumssar.com.br\/wp-content\/uploads\/2015\/06\/tabagismo-reuni-300x225.jpg 300w, https:\/\/www.fumssar.com.br\/wp-content\/uploads\/2015\/06\/tabagismo-reuni.jpg 800w\" sizes=\"(max-width: 300px) 100vw, 300px\" \/><\/a>\u00a0 <a href=\"http:\/\/www.fumssar.com.br\/wp-content\/uploads\/2015\/06\/tabagismo-trab.jpg\"><img loading=\"lazy\" decoding=\"async\" class=\"alignnone size-medium wp-image-4013\" alt=\"tabagismo trab\" src=\"http:\/\/www.fumssar.com.br\/wp-content\/uploads\/2015\/06\/tabagismo-trab-300x225.jpg\" width=\"300\" height=\"225\" srcset=\"https:\/\/www.fumssar.com.br\/wp-content\/uploads\/2015\/06\/tabagismo-trab-300x225.jpg 300w, https:\/\/www.fumssar.com.br\/wp-content\/uploads\/2015\/06\/tabagismo-trab.jpg 800w\" sizes=\"(max-width: 300px) 100vw, 300px\" \/><\/a><\/p>\n","protected":false},"excerpt":{"rendered":"<p>O dia 31 de maio \u00e9 a data que marca o \u201cDia Mundial de Combate&#8230;<\/p>\n","protected":false},"author":11,"featured_media":4010,"comment_status":"open","ping_status":"open","sticky":false,"template":"","format":"standard","meta":{"footnotes":""},"categories":[2],"tags":[],"_links":{"self":[{"href":"https:\/\/www.fumssar.com.br\/index.php?rest_route=\/wp\/v2\/posts\/4009"}],"collection":[{"href":"https:\/\/www.fumssar.com.br\/index.php?rest_route=\/wp\/v2\/posts"}],"about":[{"href":"https:\/\/www.fumssar.com.br\/index.php?rest_route=\/wp\/v2\/types\/post"}],"author":[{"embeddable":true,"href":"https:\/\/www.fumssar.com.br\/index.php?rest_route=\/wp\/v2\/users\/11"}],"replies":[{"embeddable":true,"href":"https:\/\/www.fumssar.com.br\/index.php?rest_route=%2Fwp%2Fv2%2Fcomments&post=4009"}],"version-history":[{"count":1,"href":"https:\/\/www.fumssar.com.br\/index.php?rest_route=\/wp\/v2\/posts\/4009\/revisions"}],"predecessor-version":[{"id":4014,"href":"https:\/\/www.fumssar.com.br\/index.php?rest_route=\/wp\/v2\/posts\/4009\/revisions\/4014"}],"wp:featuredmedia":[{"embeddable":true,"href":"https:\/\/www.fumssar.com.br\/index.php?rest_route=\/wp\/v2\/media\/4010"}],"wp:attachment":[{"href":"https:\/\/www.fumssar.com.br\/index.php?rest_route=%2Fwp%2Fv2%2Fmedia&parent=4009"}],"wp:term":[{"taxonomy":"category","embeddable":true,"href":"https:\/\/www.fumssar.com.br\/index.php?rest_route=%2Fwp%2Fv2%2Fcategories&post=4009"},{"taxonomy":"post_tag","embeddable":true,"href":"https:\/\/www.fumssar.com.br\/index.php?rest_route=%2Fwp%2Fv2%2Ftags&post=4009"}],"curies":[{"name":"wp","href":"https:\/\/api.w.org\/{rel}","templated":true}]}}