{"id":4005,"date":"2015-05-29T16:22:52","date_gmt":"2015-05-29T19:22:52","guid":{"rendered":"http:\/\/www.fumssar.com.br\/?p=4005"},"modified":"2024-10-07T16:35:58","modified_gmt":"2024-10-07T19:35:58","slug":"seminario-discutiu-deficiencia-auditiva-e-intelectual-em-santa-rosa","status":"publish","type":"post","link":"https:\/\/www.fumssar.com.br\/?p=4005","title":{"rendered":"Semin\u00e1rio discutiu defici\u00eancia auditiva e intelectual em Santa Rosa"},"content":{"rendered":"<p>Santa Rosa viveu o 1\u00ba Semin\u00e1rio Rede Cuidado \u00e0 Pessoa com Defici\u00eancia Auditiva e Intelectual- Macrorregi\u00e3o Missioneira. O evento que atraiu participantes de diversas cidades do estado foi organizado pelo Centro de Refer\u00eancia Auditiva e Intelectual-CER, e teve o apoio da Secretaria Estadual da Sa\u00fade.\u00a0 O objetivo principal do semin\u00e1rio foi de aproximar os diversos pontos de aten\u00e7\u00e3o da rede de cuidado \u00e0s pessoas com defici\u00eancia sendo eles: escolas, centro especializado, assist\u00eancia social, servi\u00e7os privados entre outros.<\/p>\n<p>O primeiro painel apresentado na parte da manh\u00e3 teve como tema: Redes de Cuidado \u2013 de que Cuidado estamos falando? Dr. Lu\u00eds Ant\u00f4nio Benvegn\u00fa\u2013Presidente FUMSSAR, Cibele Almeida Gabineskie e \u00c9lson Romeu Farias \u2013Secretaria Estadual da Sa\u00fade, e logo ap\u00f3s foi apresentado via v\u00eddeo o painel Tecnologia a servi\u00e7o do SUS: Implante Coclear Dr. Luiz Lavinsky- Otorrinolaringologista Hospital de Cl\u00ednicas de Porto Alegre, e na sequ\u00eancia o tema foi: Fonoterapia como pr\u00e1tica de cuidado ao deficiente auditivo apresentado por Daniela Marques \u2013Fonoaudi\u00f3loga do \u00a0Hospital de Cl\u00ednicas de Porto Alegre, e encerrando os trabalhos da manh\u00e3 foram\u00a0 realizadas\u00a0 Oficinas de manuseio de pr\u00f3teses auditivas. Na parte da tarde o evento contou com a participa\u00e7\u00e3o\u00a0 da Dr\u00aa. Simone Perez m\u00e9dica neuropediatra, e lo ap\u00f3s\u00a0 falando sobre o\u00a0 tema Defici\u00eancia Intelectual: Vis\u00e3o geral sobre uma quest\u00e3o individual. Integrando saberes: por uma percep\u00e7\u00e3o ampliada da Defici\u00eancia. Intelectual, Elenir \u00a0Fedosse \u2013Professora do Curso de Fonoaudiologia da UFSM, encerrou a rodada de palestras. A equipe local do\u00a0 CER explanaram sobre: Conhecendo o CER II Santa Rosa e logo ap\u00f3s houveram depoimentos \u00a0dos servi\u00e7os, usu\u00e1rios e familiares.<\/p>\n<p>O Presidente da FUMSSAR, Dr. Lu\u00eds Ant\u00f4nio Benvegn\u00fa destacou a import\u00e2ncia do Semin\u00e1rio e a grande participa\u00e7\u00e3o de p\u00fablico, ressaltando a qualidade das palestras que foram ministradas por profissionais de alto gabarito com grande conhecimento sobre os temas abordados. Benvegn\u00fa destacou ainda que o evento faz parte do calend\u00e1rio das comemora\u00e7\u00f5es dos 20 anos da FUMSSAR<\/p>\n<p>&nbsp;<\/p>\n<p>.<a href=\"http:\/\/www.fumssar.com.br\/wp-content\/uploads\/2015\/05\/seminario-atual.jpg\"><img loading=\"lazy\" decoding=\"async\" class=\"alignnone size-medium wp-image-4006\" alt=\"seminario atual\" src=\"http:\/\/www.fumssar.com.br\/wp-content\/uploads\/2015\/05\/seminario-atual-300x225.jpg\" width=\"300\" height=\"225\" srcset=\"https:\/\/www.fumssar.com.br\/wp-content\/uploads\/2015\/05\/seminario-atual-300x225.jpg 300w, https:\/\/www.fumssar.com.br\/wp-content\/uploads\/2015\/05\/seminario-atual.jpg 800w\" sizes=\"(max-width: 300px) 100vw, 300px\" \/><\/a><\/p>\n","protected":false},"excerpt":{"rendered":"<p>Santa Rosa viveu o 1\u00ba Semin\u00e1rio Rede Cuidado \u00e0 Pessoa com Defici\u00eancia Auditiva e Intelectual-&#8230;<\/p>\n","protected":false},"author":11,"featured_media":4007,"comment_status":"open","ping_status":"open","sticky":false,"template":"","format":"standard","meta":{"footnotes":""},"categories":[2],"tags":[],"_links":{"self":[{"href":"https:\/\/www.fumssar.com.br\/index.php?rest_route=\/wp\/v2\/posts\/4005"}],"collection":[{"href":"https:\/\/www.fumssar.com.br\/index.php?rest_route=\/wp\/v2\/posts"}],"about":[{"href":"https:\/\/www.fumssar.com.br\/index.php?rest_route=\/wp\/v2\/types\/post"}],"author":[{"embeddable":true,"href":"https:\/\/www.fumssar.com.br\/index.php?rest_route=\/wp\/v2\/users\/11"}],"replies":[{"embeddable":true,"href":"https:\/\/www.fumssar.com.br\/index.php?rest_route=%2Fwp%2Fv2%2Fcomments&post=4005"}],"version-history":[{"count":1,"href":"https:\/\/www.fumssar.com.br\/index.php?rest_route=\/wp\/v2\/posts\/4005\/revisions"}],"predecessor-version":[{"id":4008,"href":"https:\/\/www.fumssar.com.br\/index.php?rest_route=\/wp\/v2\/posts\/4005\/revisions\/4008"}],"wp:featuredmedia":[{"embeddable":true,"href":"https:\/\/www.fumssar.com.br\/index.php?rest_route=\/wp\/v2\/media\/4007"}],"wp:attachment":[{"href":"https:\/\/www.fumssar.com.br\/index.php?rest_route=%2Fwp%2Fv2%2Fmedia&parent=4005"}],"wp:term":[{"taxonomy":"category","embeddable":true,"href":"https:\/\/www.fumssar.com.br\/index.php?rest_route=%2Fwp%2Fv2%2Fcategories&post=4005"},{"taxonomy":"post_tag","embeddable":true,"href":"https:\/\/www.fumssar.com.br\/index.php?rest_route=%2Fwp%2Fv2%2Ftags&post=4005"}],"curies":[{"name":"wp","href":"https:\/\/api.w.org\/{rel}","templated":true}]}}