{"id":3998,"date":"2015-05-28T17:30:17","date_gmt":"2015-05-28T20:30:17","guid":{"rendered":"http:\/\/www.fumssar.com.br\/?p=3998"},"modified":"2024-10-07T16:35:58","modified_gmt":"2024-10-07T19:35:58","slug":"unidade-de-saude-da-planalto-que-recebe-reformas-foi-alvo-de-acoes-de-vandalismo","status":"publish","type":"post","link":"https:\/\/www.fumssar.com.br\/?p=3998","title":{"rendered":"Unidade de Sa\u00fade da Planalto que recebe reformas foi alvo de a\u00e7\u00f5es de vandalismo."},"content":{"rendered":"<p>Em fase de conclus\u00e3o, o pr\u00e9dio que passa por reformas e amplia\u00e7\u00e3o do Posto de Sa\u00fade do bairro Planalto, foi alvo de a\u00e7\u00f5es de vandalismo. Os v\u00e2ndalos invadiram o pr\u00e9dio e cometeram atos que revoltaram a dire\u00e7\u00e3o da FUMSSAR. O presidente da Funda\u00e7\u00e3o, Dr. Lu\u00eds Ant\u00f4nio Benvegn\u00fa, os diretores Aldair Melchior e Lisiane Jurach,bem como demais servidores e integrantes da empresa que realiza as reformas na edifica\u00e7\u00e3o, estiveram\u00a0 no local da mamnh\u00e3\u00a0 desta quarta-feira,27, verificando os estragos\u00a0 realizados na noite anterior. Benvegn\u00fa\u00a0 lamentou\u00a0 o ato, que um uma obra que ir\u00e1 \u00a0beneficiar aquela comunidade\u00a0 dando mais conforto aos usu\u00e1rios e, que deveria ser preservada, mas alguns seres n\u00e3o entendem isto. Nas a\u00e7\u00f5es dos v\u00e2ndalos foram quabradas vidra\u00e7as, uma porta foi arrombada, parte do forro arrancado e paredes j\u00e1 pintadas receberam picha\u00e7\u00f5es. Os meliantes derramaram tamb\u00e9m solvente no piso e atearam fogo que n\u00e3o tomou grandes propor\u00e7\u00f5es.<\/p>\n<p>&nbsp;<\/p>\n<p>A empresa respons\u00e1vel pela obra registro boletim\u00a0 de ocorr\u00eancia na DP.<a href=\"http:\/\/www.fumssar.com.br\/wp-content\/uploads\/2015\/05\/planalto-vandalos-2.jpg\"><img loading=\"lazy\" decoding=\"async\" class=\"alignnone size-medium wp-image-4000\" alt=\"planalto vandalos 2\" src=\"http:\/\/www.fumssar.com.br\/wp-content\/uploads\/2015\/05\/planalto-vandalos-2-300x225.jpg\" width=\"300\" height=\"225\" srcset=\"https:\/\/www.fumssar.com.br\/wp-content\/uploads\/2015\/05\/planalto-vandalos-2-300x225.jpg 300w, https:\/\/www.fumssar.com.br\/wp-content\/uploads\/2015\/05\/planalto-vandalos-2.jpg 800w\" sizes=\"(max-width: 300px) 100vw, 300px\" \/><\/a><\/p>\n","protected":false},"excerpt":{"rendered":"<p>Em fase de conclus\u00e3o, o pr\u00e9dio que passa por reformas e amplia\u00e7\u00e3o do Posto de&#8230;<\/p>\n","protected":false},"author":11,"featured_media":3999,"comment_status":"open","ping_status":"open","sticky":false,"template":"","format":"standard","meta":{"footnotes":""},"categories":[2],"tags":[],"_links":{"self":[{"href":"https:\/\/www.fumssar.com.br\/index.php?rest_route=\/wp\/v2\/posts\/3998"}],"collection":[{"href":"https:\/\/www.fumssar.com.br\/index.php?rest_route=\/wp\/v2\/posts"}],"about":[{"href":"https:\/\/www.fumssar.com.br\/index.php?rest_route=\/wp\/v2\/types\/post"}],"author":[{"embeddable":true,"href":"https:\/\/www.fumssar.com.br\/index.php?rest_route=\/wp\/v2\/users\/11"}],"replies":[{"embeddable":true,"href":"https:\/\/www.fumssar.com.br\/index.php?rest_route=%2Fwp%2Fv2%2Fcomments&post=3998"}],"version-history":[{"count":1,"href":"https:\/\/www.fumssar.com.br\/index.php?rest_route=\/wp\/v2\/posts\/3998\/revisions"}],"predecessor-version":[{"id":4001,"href":"https:\/\/www.fumssar.com.br\/index.php?rest_route=\/wp\/v2\/posts\/3998\/revisions\/4001"}],"wp:featuredmedia":[{"embeddable":true,"href":"https:\/\/www.fumssar.com.br\/index.php?rest_route=\/wp\/v2\/media\/3999"}],"wp:attachment":[{"href":"https:\/\/www.fumssar.com.br\/index.php?rest_route=%2Fwp%2Fv2%2Fmedia&parent=3998"}],"wp:term":[{"taxonomy":"category","embeddable":true,"href":"https:\/\/www.fumssar.com.br\/index.php?rest_route=%2Fwp%2Fv2%2Fcategories&post=3998"},{"taxonomy":"post_tag","embeddable":true,"href":"https:\/\/www.fumssar.com.br\/index.php?rest_route=%2Fwp%2Fv2%2Ftags&post=3998"}],"curies":[{"name":"wp","href":"https:\/\/api.w.org\/{rel}","templated":true}]}}