{"id":3965,"date":"2015-05-25T10:26:03","date_gmt":"2015-05-25T13:26:03","guid":{"rendered":"http:\/\/www.fumssar.com.br\/?p=3965"},"modified":"2024-10-07T16:35:58","modified_gmt":"2024-10-07T19:35:58","slug":"trabalho-de-residentes-de-santa-rosa-foi-premiado","status":"publish","type":"post","link":"https:\/\/www.fumssar.com.br\/?p=3965","title":{"rendered":"Trabalho de Residentes de Santa Rosa foi premiado"},"content":{"rendered":"<p><a href=\"http:\/\/www.fumssar.com.br\/wp-content\/uploads\/2015\/05\/foto-residentes-2.jpg\"><img loading=\"lazy\" decoding=\"async\" class=\"alignnone size-medium wp-image-3967\" alt=\"foto residentes 2\" src=\"http:\/\/www.fumssar.com.br\/wp-content\/uploads\/2015\/05\/foto-residentes-2-300x168.jpg\" width=\"300\" height=\"168\" srcset=\"https:\/\/www.fumssar.com.br\/wp-content\/uploads\/2015\/05\/foto-residentes-2-300x168.jpg 300w, https:\/\/www.fumssar.com.br\/wp-content\/uploads\/2015\/05\/foto-residentes-2.jpg 960w\" sizes=\"(max-width: 300px) 100vw, 300px\" \/><\/a>Do dia 12 ao dia 15 de maio foi realizada a VI Semana Acad\u00eamica de Enfermagem da UFSM\/CESNORS de Palmeira das Miss\u00f5es, durante o \u00a0evento um trabalho produzido pelos Residentes da Resid\u00eancia Multiprofissional de Sa\u00fade da Fam\u00edlia &#8211; FUMSSAR UNIJU\u00cd foi um dos trabalhos premiados no evento pela publica\u00e7\u00e3o e apresenta\u00e7\u00e3o oral do trabalho que trazia consigo o t\u00edtulo: \u201c<i>Um olhar sobre a enfermagem amparada por um protocolo jur\u00eddico municipal: Relato de experi\u00eancia.\u201d <\/i>O trabalho \u00e9 de autoria dos enfermeiros residentes: Aline Rugeri, Edenilson Rodrigues e Michele Lachno, onde o mesmo relatava um pouco da viv\u00eancia dos profissionais nas Estrat\u00e9gias de Sa\u00fade da Fam\u00edlia da FUMSSAR e seu diferencial na atua\u00e7\u00e3o da categoria profissional respaldada pelo protocolo jur\u00eddico municipal de enfermagem, agregando qualidade na linha do cuidado integral da popula\u00e7\u00e3o de Santa Rosa.<\/p>\n","protected":false},"excerpt":{"rendered":"<p>Do dia 12 ao dia 15 de maio foi realizada a VI Semana Acad\u00eamica de&#8230;<\/p>\n","protected":false},"author":11,"featured_media":3966,"comment_status":"open","ping_status":"open","sticky":false,"template":"","format":"standard","meta":{"footnotes":""},"categories":[2],"tags":[],"_links":{"self":[{"href":"https:\/\/www.fumssar.com.br\/index.php?rest_route=\/wp\/v2\/posts\/3965"}],"collection":[{"href":"https:\/\/www.fumssar.com.br\/index.php?rest_route=\/wp\/v2\/posts"}],"about":[{"href":"https:\/\/www.fumssar.com.br\/index.php?rest_route=\/wp\/v2\/types\/post"}],"author":[{"embeddable":true,"href":"https:\/\/www.fumssar.com.br\/index.php?rest_route=\/wp\/v2\/users\/11"}],"replies":[{"embeddable":true,"href":"https:\/\/www.fumssar.com.br\/index.php?rest_route=%2Fwp%2Fv2%2Fcomments&post=3965"}],"version-history":[{"count":1,"href":"https:\/\/www.fumssar.com.br\/index.php?rest_route=\/wp\/v2\/posts\/3965\/revisions"}],"predecessor-version":[{"id":3968,"href":"https:\/\/www.fumssar.com.br\/index.php?rest_route=\/wp\/v2\/posts\/3965\/revisions\/3968"}],"wp:featuredmedia":[{"embeddable":true,"href":"https:\/\/www.fumssar.com.br\/index.php?rest_route=\/wp\/v2\/media\/3966"}],"wp:attachment":[{"href":"https:\/\/www.fumssar.com.br\/index.php?rest_route=%2Fwp%2Fv2%2Fmedia&parent=3965"}],"wp:term":[{"taxonomy":"category","embeddable":true,"href":"https:\/\/www.fumssar.com.br\/index.php?rest_route=%2Fwp%2Fv2%2Fcategories&post=3965"},{"taxonomy":"post_tag","embeddable":true,"href":"https:\/\/www.fumssar.com.br\/index.php?rest_route=%2Fwp%2Fv2%2Ftags&post=3965"}],"curies":[{"name":"wp","href":"https:\/\/api.w.org\/{rel}","templated":true}]}}