{"id":3950,"date":"2015-05-22T16:05:26","date_gmt":"2015-05-22T19:05:26","guid":{"rendered":"http:\/\/www.fumssar.com.br\/?p=3950"},"modified":"2024-10-07T16:35:58","modified_gmt":"2024-10-07T19:35:58","slug":"trilhando-caminhos-na-macrorregiao-missioneira-i-seminario-rede-de-cuidados-a-pessoa-com-deficiencia-auditiva-e-intelectual","status":"publish","type":"post","link":"https:\/\/www.fumssar.com.br\/?p=3950","title":{"rendered":"TRILHANDO CAMINHOS NA MACRORREGI\u00c3O MISSIONEIRA-I SEMIN\u00c1RIO REDE DE CUIDADOS \u00c0 PESSOA COM DEFICI\u00caNCIA AUDITIVA E INTELECTUAL"},"content":{"rendered":"<p>TRILHANDO CAMINHOS NA MACRORREGI\u00c3O MISSIONEIRA<\/p>\n<p>I SEMIN\u00c1RIO REDE DE CUIDADOS \u00c0 PESSOA COM DEFICI\u00caNCIA AUDITIVA E INTELECTUAL<\/p>\n<p>QUANDO<\/p>\n<p>28 de maiode 2015<\/p>\n<p>8:30h \u201318h<\/p>\n<p>ONDE<\/p>\n<p>Audit\u00f3rio da UNIJU\u00cd \u2013Campus Santa Rosa<\/p>\n<p>RS 344, KM 39 \u2013Santa Rosa -RS<\/p>\n<p>Profissionais da Aten\u00e7\u00e3o B\u00e1sica\u2022 NASF\u2022 Conselheiros\u2022 Gestores\u2022 Residentes Multiprofissionais \u2022 Educadores<\/p>\n<p>&nbsp;<\/p>\n<p>PROGRAMA\u00c7\u00c3O<\/p>\n<p>8:30h \u2013Abertura<\/p>\n<p>9h \u2013Painel \u2013Redes de Cuidado \u2013De que Cuidado estamos falando?<\/p>\n<p>Dr. LuisAnt\u00f4nio Benvegn\u00fa\u2013Presidente FUMSSAR<\/p>\n<p>Cibele Almeida Gabineskie Elson<\/p>\n<p>Romeu Farias \u2013Secretaria Estadual da Sa\u00fade<\/p>\n<p>10hs20m \u2013Tecnologia a servi\u00e7o do SUS: Implante Coclear<\/p>\n<p>Dr. Luiz Lavinsky-Otorrinolaringologista Hospital de Cl\u00ednicas de Porto Alegre<\/p>\n<p>10hs50m \u2013Fonoterapiacomo pr\u00e1tica de cuidado ao def. auditivo<\/p>\n<p>Daniela Marques \u2013Fonoaudi\u00f3loga Hospital de Cl\u00ednicas de Porto Alegre<\/p>\n<p>11:30hs -Oficinas de manuseio de Pr\u00f3teses Auditivas<\/p>\n<p>12h \u2013Almo\u00e7o<\/p>\n<p>13h30m-AintegralidadedoSUSnaperspectivadaDefici\u00eanciaIntelectual<\/p>\n<p>(Palestranteaconfirmar)<\/p>\n<p>14h30m \u2013Integrando saberes: por uma percep\u00e7\u00e3o ampliada da Def. Intelectual<\/p>\n<p>ElenirFedosse\u2013Professora do Curso de Fonoaudiologia da UFSM<\/p>\n<p>15h30m \u2013Conhecendo o CER II Santa Rosa e o CER II Giru\u00e1<\/p>\n<p>Depoimento dos servi\u00e7os, usu\u00e1rios e familiares<\/p>\n<p>16h30m \u2013Intervalo<\/p>\n<p>17h \u2013Di\u00e1logos (entre) Aten\u00e7\u00e3o B\u00e1sica e Reabilita\u00e7\u00e3o<\/p>\n<p>Depoimento munic\u00edpio<\/p>\n<p>18h \u2013Encerramento<\/p>\n<p>INSCRI\u00c7\u00d5ES PELO E-MAIL: seminariospd@hotmail.com<\/p>\n","protected":false},"excerpt":{"rendered":"<p>TRILHANDO CAMINHOS NA MACRORREGI\u00c3O MISSIONEIRA I SEMIN\u00c1RIO REDE DE CUIDADOS \u00c0 PESSOA COM DEFICI\u00caNCIA AUDITIVA&#8230;<\/p>\n","protected":false},"author":11,"featured_media":3951,"comment_status":"open","ping_status":"open","sticky":false,"template":"","format":"standard","meta":{"footnotes":""},"categories":[2],"tags":[],"_links":{"self":[{"href":"https:\/\/www.fumssar.com.br\/index.php?rest_route=\/wp\/v2\/posts\/3950"}],"collection":[{"href":"https:\/\/www.fumssar.com.br\/index.php?rest_route=\/wp\/v2\/posts"}],"about":[{"href":"https:\/\/www.fumssar.com.br\/index.php?rest_route=\/wp\/v2\/types\/post"}],"author":[{"embeddable":true,"href":"https:\/\/www.fumssar.com.br\/index.php?rest_route=\/wp\/v2\/users\/11"}],"replies":[{"embeddable":true,"href":"https:\/\/www.fumssar.com.br\/index.php?rest_route=%2Fwp%2Fv2%2Fcomments&post=3950"}],"version-history":[{"count":3,"href":"https:\/\/www.fumssar.com.br\/index.php?rest_route=\/wp\/v2\/posts\/3950\/revisions"}],"predecessor-version":[{"id":3956,"href":"https:\/\/www.fumssar.com.br\/index.php?rest_route=\/wp\/v2\/posts\/3950\/revisions\/3956"}],"wp:featuredmedia":[{"embeddable":true,"href":"https:\/\/www.fumssar.com.br\/index.php?rest_route=\/wp\/v2\/media\/3951"}],"wp:attachment":[{"href":"https:\/\/www.fumssar.com.br\/index.php?rest_route=%2Fwp%2Fv2%2Fmedia&parent=3950"}],"wp:term":[{"taxonomy":"category","embeddable":true,"href":"https:\/\/www.fumssar.com.br\/index.php?rest_route=%2Fwp%2Fv2%2Fcategories&post=3950"},{"taxonomy":"post_tag","embeddable":true,"href":"https:\/\/www.fumssar.com.br\/index.php?rest_route=%2Fwp%2Fv2%2Ftags&post=3950"}],"curies":[{"name":"wp","href":"https:\/\/api.w.org\/{rel}","templated":true}]}}