{"id":3947,"date":"2015-05-22T14:29:30","date_gmt":"2015-05-22T17:29:30","guid":{"rendered":"http:\/\/www.fumssar.com.br\/?p=3947"},"modified":"2024-10-07T16:35:58","modified_gmt":"2024-10-07T19:35:58","slug":"prorrogada-a-campanha-de-vacinacao-contra-a-influenza","status":"publish","type":"post","link":"https:\/\/www.fumssar.com.br\/?p=3947","title":{"rendered":"Prorrogada a campanha de vacina\u00e7\u00e3o contra a influenza"},"content":{"rendered":"<p>A Secretaria da Sa\u00fade do Estado emitiu memorando nesta sexta-feira, 22 orientando a prorrogando a Campanha de Vacina\u00e7\u00e3o contra a influenza \u00a0at\u00e9 o dia 05 de junho. Segundo o memorando o estado n\u00e3o atingiu ainda a meta de 80%\u00a0 dos grupos priorit\u00e1rios. Em Santa Rosa\u00a0 a meta j\u00e1 foi atingida chegando a 86.60% conforme dados apresentados pelo Setor de\u00a0 Vigil\u00e2ncia em Sa\u00fade da FUMSSAR.<\/p>\n<table width=\"936\" border=\"1\" cellspacing=\"0\" cellpadding=\"0\">\n<tbody>\n<tr>\n<td colspan=\"3\" width=\"187\">\n<p align=\"center\">Crian\u00e7as<\/p>\n<\/td>\n<td colspan=\"3\" width=\"187\">\n<p align=\"center\">Trabalhador de Sa\u00fade<\/p>\n<\/td>\n<td colspan=\"3\" width=\"187\">\n<p align=\"center\">Gestantes<\/p>\n<\/td>\n<td colspan=\"3\" width=\"187\">\n<p align=\"center\">Pu\u00e9rpuras<\/p>\n<\/td>\n<td colspan=\"3\" width=\"187\">\n<p align=\"center\">Idosos<\/p>\n<\/td>\n<\/tr>\n<tr>\n<td colspan=\"3\" width=\"187\">&nbsp;<\/td>\n<td colspan=\"3\" width=\"187\">\n<p align=\"center\">\n<\/td>\n<td colspan=\"3\" width=\"187\">\n<p align=\"center\">\n<\/td>\n<td colspan=\"3\" width=\"187\">\n<p align=\"center\">\n<\/td>\n<td colspan=\"3\" width=\"187\">\n<p align=\"center\">\n<\/td>\n<\/tr>\n<tr>\n<td>\n<p align=\"center\">Popula\u00e7\u00e3o<\/p>\n<\/td>\n<td>\n<p align=\"center\">Doses<\/p>\n<\/td>\n<td>\n<p align=\"center\">Cobertura<\/p>\n<\/td>\n<td>\n<p align=\"center\">Popula\u00e7\u00e3o<\/p>\n<\/td>\n<td>\n<p align=\"center\">Doses<\/p>\n<\/td>\n<td>\n<p align=\"center\">Cobertura<\/p>\n<\/td>\n<td>\n<p align=\"center\">Popula\u00e7\u00e3o<\/p>\n<\/td>\n<td>\n<p align=\"center\">Doses<\/p>\n<\/td>\n<td>\n<p align=\"center\">Cobertura<\/p>\n<\/td>\n<td>\n<p align=\"center\">Popula\u00e7\u00e3o<\/p>\n<\/td>\n<td>\n<p align=\"center\">Doses<\/p>\n<\/td>\n<td>\n<p align=\"center\">Cobertura<\/p>\n<\/td>\n<td>\n<p align=\"center\">Popula\u00e7\u00e3o<\/p>\n<\/td>\n<td>\n<p align=\"center\">Doses<\/p>\n<\/td>\n<td>\n<p align=\"center\">Cobertura<\/p>\n<\/td>\n<\/tr>\n<tr>\n<td>\n<p align=\"center\">3.735<\/p>\n<\/td>\n<td>\n<p align=\"center\">2.765<\/p>\n<\/td>\n<td>\n<p align=\"center\">74,03%<\/p>\n<\/td>\n<td>\n<p align=\"center\">1.671<\/p>\n<\/td>\n<td>\n<p align=\"center\">1.171<\/p>\n<\/td>\n<td>\n<p align=\"center\">70,08%<\/p>\n<\/td>\n<td>\n<p align=\"center\">689<\/p>\n<\/td>\n<td>\n<p align=\"center\">442<\/p>\n<\/td>\n<td>\n<p align=\"center\">64,15%<\/p>\n<\/td>\n<td>\n<p align=\"center\">113<\/p>\n<\/td>\n<td>\n<p align=\"center\">93<\/p>\n<\/td>\n<td>\n<p align=\"center\">82,30%<\/p>\n<\/td>\n<td>\n<p align=\"center\">8.712<\/p>\n<\/td>\n<td>\n<p align=\"center\">7.545<\/p>\n<\/td>\n<td>\n<p align=\"center\">86,60%<\/p>\n<\/td>\n<\/tr>\n<\/tbody>\n<\/table>\n<p>&nbsp;<\/p>\n<table width=\"312\" border=\"1\" cellspacing=\"0\" cellpadding=\"0\">\n<tbody>\n<tr>\n<td colspan=\"3\" width=\"312\">\u00a0\u00a0\u00a0\u00a0\u00a0\u00a0\u00a0\u00a0\u00a0\u00a0\u00a0\u00a0\u00a0\u00a0\u00a0\u00a0\u00a0\u00a0\u00a0\u00a0\u00a0\u00a0\u00a0\u00a0\u00a0\u00a0\u00a0\u00a0\u00a0\u00a0\u00a0\u00a0\u00a0\u00a0\u00a0\u00a0\u00a0\u00a0 Total<\/td>\n<\/tr>\n<tr>\n<td width=\"123\">Popula\u00e7\u00e3o<\/td>\n<td width=\"59\">Doses<\/td>\n<td width=\"130\">Cobertura<\/td>\n<\/tr>\n<tr>\n<td width=\"123\">14.920<\/td>\n<td width=\"59\"><b>12.016<\/b><\/td>\n<td width=\"130\"><b>80,54%<\/b><\/td>\n<\/tr>\n<\/tbody>\n<\/table>\n<p>&nbsp;<\/p>\n<p>Fora\u00a0 os grupos\u00a0 priorit\u00e1rios em Santa Rosa \u00a0foram vacinados tamb\u00e9m:<\/p>\n<p>Pessoas com doen\u00e7as cr\u00f4nicas: 3625 doses (63,8%)<\/p>\n<p>&nbsp;<\/p>\n<p>Popula\u00e7\u00e3o prisional: 202 doses<\/p>\n<p>&nbsp;<\/p>\n<p>Total geral de doses aplicadas at\u00e9 22\/05\/2015 (p\u00fablico-alvo + popula\u00e7\u00e3o prisional + cr\u00f4nicos): \u00a0\u00a0\u00a015843 doses.<\/p>\n<p>&nbsp;<\/p>\n<p>&nbsp;<\/p>\n","protected":false},"excerpt":{"rendered":"<p>A Secretaria da Sa\u00fade do Estado emitiu memorando nesta sexta-feira, 22 orientando a prorrogando a&#8230;<\/p>\n","protected":false},"author":11,"featured_media":3906,"comment_status":"open","ping_status":"open","sticky":false,"template":"","format":"standard","meta":{"footnotes":""},"categories":[2],"tags":[],"_links":{"self":[{"href":"https:\/\/www.fumssar.com.br\/index.php?rest_route=\/wp\/v2\/posts\/3947"}],"collection":[{"href":"https:\/\/www.fumssar.com.br\/index.php?rest_route=\/wp\/v2\/posts"}],"about":[{"href":"https:\/\/www.fumssar.com.br\/index.php?rest_route=\/wp\/v2\/types\/post"}],"author":[{"embeddable":true,"href":"https:\/\/www.fumssar.com.br\/index.php?rest_route=\/wp\/v2\/users\/11"}],"replies":[{"embeddable":true,"href":"https:\/\/www.fumssar.com.br\/index.php?rest_route=%2Fwp%2Fv2%2Fcomments&post=3947"}],"version-history":[{"count":2,"href":"https:\/\/www.fumssar.com.br\/index.php?rest_route=\/wp\/v2\/posts\/3947\/revisions"}],"predecessor-version":[{"id":3949,"href":"https:\/\/www.fumssar.com.br\/index.php?rest_route=\/wp\/v2\/posts\/3947\/revisions\/3949"}],"wp:featuredmedia":[{"embeddable":true,"href":"https:\/\/www.fumssar.com.br\/index.php?rest_route=\/wp\/v2\/media\/3906"}],"wp:attachment":[{"href":"https:\/\/www.fumssar.com.br\/index.php?rest_route=%2Fwp%2Fv2%2Fmedia&parent=3947"}],"wp:term":[{"taxonomy":"category","embeddable":true,"href":"https:\/\/www.fumssar.com.br\/index.php?rest_route=%2Fwp%2Fv2%2Fcategories&post=3947"},{"taxonomy":"post_tag","embeddable":true,"href":"https:\/\/www.fumssar.com.br\/index.php?rest_route=%2Fwp%2Fv2%2Ftags&post=3947"}],"curies":[{"name":"wp","href":"https:\/\/api.w.org\/{rel}","templated":true}]}}