{"id":3924,"date":"2015-05-19T16:54:54","date_gmt":"2015-05-19T19:54:54","guid":{"rendered":"http:\/\/www.fumssar.com.br\/?p=3924"},"modified":"2024-10-07T16:35:58","modified_gmt":"2024-10-07T19:35:58","slug":"18-de-maio-dia-da-luta-antimanicomial","status":"publish","type":"post","link":"https:\/\/www.fumssar.com.br\/?p=3924","title":{"rendered":"18 de Maio Dia da Luta Antimanicomial"},"content":{"rendered":"<p>Na segunda-feira, (18), foi comemorado o Dia Nacional da Luta Antimanicomial, alusivo a este dia, usu\u00e1rios e profissionais do Centro de Aten\u00e7\u00e3o Psicossocial &#8211; CAPS II Novo Rumo, realizaram visitas as Estrat\u00e9gias de Sa\u00fade da Fam\u00edlia, e demais servi\u00e7os da FUMSSAR para uma sensibiliza\u00e7\u00e3o sobre o tema, que se caracteriza pela luta aos direitos das pessoas com transtorno e sofrimento mental. O Movimento faz lembrar que como todo cidad\u00e3o estas pessoas t\u00eam o direito fundamental \u00e0 liberdade, o direito a viver em sociedade, al\u00e9m do direto a receber cuidado e tratamento sem que para isto tenham que abrir m\u00e3o de seu lugar de cidad\u00e3os.<\/p>\n<p>Na quarta-feira (20) o CAPS Novo Rumo participar\u00e1 do Encontro Regional da Luta Antimanicomial, no munic\u00edpio de Giru\u00e1.<\/p>\n","protected":false},"excerpt":{"rendered":"<p>Na segunda-feira, (18), foi comemorado o Dia Nacional da Luta Antimanicomial, alusivo a este dia,&#8230;<\/p>\n","protected":false},"author":11,"featured_media":3925,"comment_status":"open","ping_status":"open","sticky":false,"template":"","format":"standard","meta":{"footnotes":""},"categories":[2],"tags":[],"_links":{"self":[{"href":"https:\/\/www.fumssar.com.br\/index.php?rest_route=\/wp\/v2\/posts\/3924"}],"collection":[{"href":"https:\/\/www.fumssar.com.br\/index.php?rest_route=\/wp\/v2\/posts"}],"about":[{"href":"https:\/\/www.fumssar.com.br\/index.php?rest_route=\/wp\/v2\/types\/post"}],"author":[{"embeddable":true,"href":"https:\/\/www.fumssar.com.br\/index.php?rest_route=\/wp\/v2\/users\/11"}],"replies":[{"embeddable":true,"href":"https:\/\/www.fumssar.com.br\/index.php?rest_route=%2Fwp%2Fv2%2Fcomments&post=3924"}],"version-history":[{"count":2,"href":"https:\/\/www.fumssar.com.br\/index.php?rest_route=\/wp\/v2\/posts\/3924\/revisions"}],"predecessor-version":[{"id":3927,"href":"https:\/\/www.fumssar.com.br\/index.php?rest_route=\/wp\/v2\/posts\/3924\/revisions\/3927"}],"wp:featuredmedia":[{"embeddable":true,"href":"https:\/\/www.fumssar.com.br\/index.php?rest_route=\/wp\/v2\/media\/3925"}],"wp:attachment":[{"href":"https:\/\/www.fumssar.com.br\/index.php?rest_route=%2Fwp%2Fv2%2Fmedia&parent=3924"}],"wp:term":[{"taxonomy":"category","embeddable":true,"href":"https:\/\/www.fumssar.com.br\/index.php?rest_route=%2Fwp%2Fv2%2Fcategories&post=3924"},{"taxonomy":"post_tag","embeddable":true,"href":"https:\/\/www.fumssar.com.br\/index.php?rest_route=%2Fwp%2Fv2%2Ftags&post=3924"}],"curies":[{"name":"wp","href":"https:\/\/api.w.org\/{rel}","templated":true}]}}