{"id":3920,"date":"2015-05-19T14:14:49","date_gmt":"2015-05-19T17:14:49","guid":{"rendered":"http:\/\/www.fumssar.com.br\/?p=3920"},"modified":"2024-10-07T16:35:58","modified_gmt":"2024-10-07T19:35:58","slug":"iniciaram-as-pre-conferencias-municipais-de-saude","status":"publish","type":"post","link":"https:\/\/www.fumssar.com.br\/?p=3920","title":{"rendered":"Iniciaram  as Pr\u00e9 &#8211; Confer\u00eancias Municipais  de Sa\u00fade"},"content":{"rendered":"<p>Na noite desta segunda &#8211; feira, 18, teve in\u00edcio as Pr\u00e9- Confer\u00eancias de Sa\u00fade do Munic\u00edpio de Santa Rosa. A constru\u00e7\u00e3o de um servi\u00e7o p\u00fablico de sa\u00fade com a participa\u00e7\u00e3o da popula\u00e7\u00e3o est\u00e1 em pauta nas mais diversas comunidades. Nestes encontros s\u00e3o discutidos temas relacionados \u00e0 sa\u00fade geral da popula\u00e7\u00e3o, bem como os anseios de cada comunidade que ser\u00e3o debatidos na Confer\u00eancia Municipal que ser\u00e1 realizada nos dias 10 e 11 de julho de 2015. O Primeiro encontro deste ano, foi realizado na comunidade de Linha Faxinal,interior do munic\u00edpio, e segundo a presidente da Confer\u00eancia, Elisiane Bisognin existe um calend\u00e1rio planejado que os usu\u00e1rios do sistema de sa\u00fade acompanhem em suas comunidades e participem das reuni\u00f5es, pois o momento \u00e9 de constru\u00e7\u00e3o de um sistema mais eficiente com a participa\u00e7\u00e3o popular. Tamb\u00e9m na tarde de segunda-feira, houve uma capacita\u00e7\u00e3o aos conselheiros \u00a0e servidores da FUMSSAR que estar\u00e3o diretamente envolvidos no processo de constru\u00e7\u00e3o das Pr\u00e9-confer\u00eancias e tamb\u00e9m da confer\u00eancia.<\/p>\n<p>&nbsp;<\/p>\n<p><a href=\"http:\/\/www.fumssar.com.br\/wp-content\/uploads\/2015\/05\/capacita\u00e7\u00e3o-pre.jpg\"><img loading=\"lazy\" decoding=\"async\" class=\"alignnone size-medium wp-image-3922\" alt=\"capacita\u00e7\u00e3o pre\" src=\"http:\/\/www.fumssar.com.br\/wp-content\/uploads\/2015\/05\/capacita\u00e7\u00e3o-pre-300x225.jpg\" width=\"300\" height=\"225\" srcset=\"https:\/\/www.fumssar.com.br\/wp-content\/uploads\/2015\/05\/capacita\u00e7\u00e3o-pre-300x225.jpg 300w, https:\/\/www.fumssar.com.br\/wp-content\/uploads\/2015\/05\/capacita\u00e7\u00e3o-pre.jpg 800w\" sizes=\"(max-width: 300px) 100vw, 300px\" \/><\/a><\/p>\n","protected":false},"excerpt":{"rendered":"<p>Na noite desta segunda &#8211; feira, 18, teve in\u00edcio as Pr\u00e9- Confer\u00eancias de Sa\u00fade do&#8230;<\/p>\n","protected":false},"author":11,"featured_media":3921,"comment_status":"open","ping_status":"open","sticky":false,"template":"","format":"standard","meta":{"footnotes":""},"categories":[2],"tags":[],"_links":{"self":[{"href":"https:\/\/www.fumssar.com.br\/index.php?rest_route=\/wp\/v2\/posts\/3920"}],"collection":[{"href":"https:\/\/www.fumssar.com.br\/index.php?rest_route=\/wp\/v2\/posts"}],"about":[{"href":"https:\/\/www.fumssar.com.br\/index.php?rest_route=\/wp\/v2\/types\/post"}],"author":[{"embeddable":true,"href":"https:\/\/www.fumssar.com.br\/index.php?rest_route=\/wp\/v2\/users\/11"}],"replies":[{"embeddable":true,"href":"https:\/\/www.fumssar.com.br\/index.php?rest_route=%2Fwp%2Fv2%2Fcomments&post=3920"}],"version-history":[{"count":1,"href":"https:\/\/www.fumssar.com.br\/index.php?rest_route=\/wp\/v2\/posts\/3920\/revisions"}],"predecessor-version":[{"id":3923,"href":"https:\/\/www.fumssar.com.br\/index.php?rest_route=\/wp\/v2\/posts\/3920\/revisions\/3923"}],"wp:featuredmedia":[{"embeddable":true,"href":"https:\/\/www.fumssar.com.br\/index.php?rest_route=\/wp\/v2\/media\/3921"}],"wp:attachment":[{"href":"https:\/\/www.fumssar.com.br\/index.php?rest_route=%2Fwp%2Fv2%2Fmedia&parent=3920"}],"wp:term":[{"taxonomy":"category","embeddable":true,"href":"https:\/\/www.fumssar.com.br\/index.php?rest_route=%2Fwp%2Fv2%2Fcategories&post=3920"},{"taxonomy":"post_tag","embeddable":true,"href":"https:\/\/www.fumssar.com.br\/index.php?rest_route=%2Fwp%2Fv2%2Ftags&post=3920"}],"curies":[{"name":"wp","href":"https:\/\/api.w.org\/{rel}","templated":true}]}}