{"id":3891,"date":"2015-05-11T15:59:48","date_gmt":"2015-05-11T18:59:48","guid":{"rendered":"http:\/\/www.fumssar.com.br\/?p=3891"},"modified":"2024-10-07T16:35:58","modified_gmt":"2024-10-07T19:35:58","slug":"direcao-da-fumssar-fez-visita-ao-coordenador-de-regional-de-saude","status":"publish","type":"post","link":"https:\/\/www.fumssar.com.br\/?p=3891","title":{"rendered":"Dire\u00e7\u00e3o da FUMSSAR  fez visita  ao Coordenador de Regional de Sa\u00fade"},"content":{"rendered":"<p>O presidente da\u00a0 FUMSSAR , Dr. Lu\u00eds Ant\u00f4nio Benvegn\u00fa, Os Diretores Aldair Melchior, D\u00e9lcio Stefan, Elisiane Bisognin e Lisiane Jurach\u00a0 realizaram na manh\u00e3 desta segunda-feira,11, uma visita ao novo Coordenador\u00a0 Regional\u00a0 de Sa\u00fade, Jorge\u00a0 Leandro\u00a0 Krechowiecki. Na oportunidade foram discutidos alguns temas relacionados \u00e0s duas institui\u00e7\u00f5es. Benvegn\u00fa\u00a0 ressaltou que\u00a0 sempre manteve um bom relacionamento com 14\u00aa coordenadoria\u00a0 e que\u00a0 a visita estava prevista h\u00e1 algum tempo mas s\u00f3 foi poss\u00edvel agora. Outros\u00a0 servidores da Coordenadoria tamb\u00e9m estiveram presentes no encontro.<\/p>\n","protected":false},"excerpt":{"rendered":"<p>O presidente da\u00a0 FUMSSAR , Dr. Lu\u00eds Ant\u00f4nio Benvegn\u00fa, Os Diretores Aldair Melchior, D\u00e9lcio Stefan,&#8230;<\/p>\n","protected":false},"author":11,"featured_media":3892,"comment_status":"open","ping_status":"open","sticky":false,"template":"","format":"standard","meta":{"footnotes":""},"categories":[2],"tags":[],"_links":{"self":[{"href":"https:\/\/www.fumssar.com.br\/index.php?rest_route=\/wp\/v2\/posts\/3891"}],"collection":[{"href":"https:\/\/www.fumssar.com.br\/index.php?rest_route=\/wp\/v2\/posts"}],"about":[{"href":"https:\/\/www.fumssar.com.br\/index.php?rest_route=\/wp\/v2\/types\/post"}],"author":[{"embeddable":true,"href":"https:\/\/www.fumssar.com.br\/index.php?rest_route=\/wp\/v2\/users\/11"}],"replies":[{"embeddable":true,"href":"https:\/\/www.fumssar.com.br\/index.php?rest_route=%2Fwp%2Fv2%2Fcomments&post=3891"}],"version-history":[{"count":1,"href":"https:\/\/www.fumssar.com.br\/index.php?rest_route=\/wp\/v2\/posts\/3891\/revisions"}],"predecessor-version":[{"id":3893,"href":"https:\/\/www.fumssar.com.br\/index.php?rest_route=\/wp\/v2\/posts\/3891\/revisions\/3893"}],"wp:featuredmedia":[{"embeddable":true,"href":"https:\/\/www.fumssar.com.br\/index.php?rest_route=\/wp\/v2\/media\/3892"}],"wp:attachment":[{"href":"https:\/\/www.fumssar.com.br\/index.php?rest_route=%2Fwp%2Fv2%2Fmedia&parent=3891"}],"wp:term":[{"taxonomy":"category","embeddable":true,"href":"https:\/\/www.fumssar.com.br\/index.php?rest_route=%2Fwp%2Fv2%2Fcategories&post=3891"},{"taxonomy":"post_tag","embeddable":true,"href":"https:\/\/www.fumssar.com.br\/index.php?rest_route=%2Fwp%2Fv2%2Ftags&post=3891"}],"curies":[{"name":"wp","href":"https:\/\/api.w.org\/{rel}","templated":true}]}}