{"id":3881,"date":"2015-05-11T09:04:34","date_gmt":"2015-05-11T12:04:34","guid":{"rendered":"http:\/\/www.fumssar.com.br\/?p=3881"},"modified":"2024-10-07T16:35:58","modified_gmt":"2024-10-07T19:35:58","slug":"unidade-de-saude-da-esperanca-realizou-confraternizacao-pelo-dia-das-maes","status":"publish","type":"post","link":"https:\/\/www.fumssar.com.br\/?p=3881","title":{"rendered":"Unidade de Sa\u00fade da Esperan\u00e7a realizou confraterniza\u00e7\u00e3o pelo Dia das M\u00e3es"},"content":{"rendered":"<p>Um\u00a0 evento realizado na tarde de quarta-feira,6, pelo Grupo Terap\u00eautico do Posto de Sa\u00fade da Esperan\u00e7a marcou a passagem do\u00a0 Dia das M\u00e3es que ser\u00e1 comemorado no pr\u00f3ximo domingo. Na oportunidade foi\u00a0 servido um ch\u00e1, realizado desfile de modas, apresenta\u00e7\u00e3o art\u00edstica por integrantes do CTG Sep\u00e9 Tiaraj\u00fa,\u00a0 brech\u00f3, sorteios e\u00a0 outras atra\u00e7\u00f5es. A coordenadora do posto Liane Klein destacou que o evento \u00e9 organizado pelas agentes de sa\u00fade com a coordena\u00e7\u00e3o de Lucieli Boizuk e que todos os recursos arrecadados s\u00e3o revertidos na compra de\u00a0 materiais para trabalhos manuais\u00a0 que s\u00e3o confeccionados pelas participantes das oficinas.\u00a0 O presidente da\u00a0 Funda\u00e7\u00e3o Municipal de Sa\u00fade de Santa Rosa, Dr. Lu\u00eds Ant\u00f4nio Benvegn\u00fa prestigiou a confraterniza\u00e7\u00e3o destacando a import\u00e2ncia do trabalho que \u00e9 realizado nas oficinas terap\u00eauticas, um trabalho que auxilia na sa\u00fade preventiva\u00a0 e tamb\u00e9m insere as pessoas na comunidade.<\/p>\n<p><a href=\"http:\/\/www.fumssar.com.br\/wp-content\/uploads\/2015\/05\/esperan\u00e7a-21.jpg\"><img loading=\"lazy\" decoding=\"async\" class=\"alignnone size-medium wp-image-3884\" alt=\"esperan\u00e7a 2\" src=\"http:\/\/www.fumssar.com.br\/wp-content\/uploads\/2015\/05\/esperan\u00e7a-21-300x225.jpg\" width=\"300\" height=\"225\" srcset=\"https:\/\/www.fumssar.com.br\/wp-content\/uploads\/2015\/05\/esperan\u00e7a-21-300x225.jpg 300w, https:\/\/www.fumssar.com.br\/wp-content\/uploads\/2015\/05\/esperan\u00e7a-21.jpg 800w\" sizes=\"(max-width: 300px) 100vw, 300px\" \/><\/a><\/p>\n","protected":false},"excerpt":{"rendered":"<p>Um\u00a0 evento realizado na tarde de quarta-feira,6, pelo Grupo Terap\u00eautico do Posto de Sa\u00fade da&#8230;<\/p>\n","protected":false},"author":11,"featured_media":3883,"comment_status":"open","ping_status":"open","sticky":false,"template":"","format":"standard","meta":{"footnotes":""},"categories":[2],"tags":[],"_links":{"self":[{"href":"https:\/\/www.fumssar.com.br\/index.php?rest_route=\/wp\/v2\/posts\/3881"}],"collection":[{"href":"https:\/\/www.fumssar.com.br\/index.php?rest_route=\/wp\/v2\/posts"}],"about":[{"href":"https:\/\/www.fumssar.com.br\/index.php?rest_route=\/wp\/v2\/types\/post"}],"author":[{"embeddable":true,"href":"https:\/\/www.fumssar.com.br\/index.php?rest_route=\/wp\/v2\/users\/11"}],"replies":[{"embeddable":true,"href":"https:\/\/www.fumssar.com.br\/index.php?rest_route=%2Fwp%2Fv2%2Fcomments&post=3881"}],"version-history":[{"count":1,"href":"https:\/\/www.fumssar.com.br\/index.php?rest_route=\/wp\/v2\/posts\/3881\/revisions"}],"predecessor-version":[{"id":3885,"href":"https:\/\/www.fumssar.com.br\/index.php?rest_route=\/wp\/v2\/posts\/3881\/revisions\/3885"}],"wp:featuredmedia":[{"embeddable":true,"href":"https:\/\/www.fumssar.com.br\/index.php?rest_route=\/wp\/v2\/media\/3883"}],"wp:attachment":[{"href":"https:\/\/www.fumssar.com.br\/index.php?rest_route=%2Fwp%2Fv2%2Fmedia&parent=3881"}],"wp:term":[{"taxonomy":"category","embeddable":true,"href":"https:\/\/www.fumssar.com.br\/index.php?rest_route=%2Fwp%2Fv2%2Fcategories&post=3881"},{"taxonomy":"post_tag","embeddable":true,"href":"https:\/\/www.fumssar.com.br\/index.php?rest_route=%2Fwp%2Fv2%2Ftags&post=3881"}],"curies":[{"name":"wp","href":"https:\/\/api.w.org\/{rel}","templated":true}]}}