{"id":3874,"date":"2015-05-08T17:29:26","date_gmt":"2015-05-08T20:29:26","guid":{"rendered":"http:\/\/www.fumssar.com.br\/?p=3874"},"modified":"2024-10-07T16:35:58","modified_gmt":"2024-10-07T19:35:58","slug":"saude-foi-tema-de-evento-do-cras-audi-pedro-brandao","status":"publish","type":"post","link":"https:\/\/www.fumssar.com.br\/?p=3874","title":{"rendered":"Sa\u00fade foi tema de evento do CRAS Aldi Pedro Brand\u00e3o"},"content":{"rendered":"<p>Uma confraterniza\u00e7\u00e3o pelo Dia das M\u00e3es realizada na manh\u00e3 desta sexta-feira, 08, no Centro de Refer\u00eancia de Assist\u00eancia Social-CRAS Aldi Pedro Brand\u00e3o contou com diversas atra\u00e7\u00f5es para \u00e0s usu\u00e1rias da unidade. O presidente da FUMSSAR, Dr. Lu\u00eds Ant\u00f4nio Benvegn\u00fa falou sobre o Sistema de Sa\u00fade do munic\u00edpio e da import\u00e2ncia na preven\u00e7\u00e3o que a rede b\u00e1sica faz para a popula\u00e7\u00e3o. Tamb\u00e9m a Diretora de Gest\u00e3o de Aten\u00e7\u00e3o B\u00e1sica da Funda\u00e7\u00e3o, enfermeira Elisiane Bisognin palestrou sobre orienta\u00e7\u00f5es e cuidados da sa\u00fade. Estiveram presentes tamb\u00e9m profissionais residentes da Resid\u00eancia Multiprofissional em Sa\u00fade da Fam\u00edlia. Para o presidente da FUMSSAR estes encontros servem de elo na rede b\u00e1sica do munic\u00edpio, tanto na \u00e1rea social como na sa\u00fade levando mais benef\u00edcios aos usu\u00e1rios. O evento que foi organizado pela equipe do CRAS teve ainda distribui\u00e7\u00e3o de materiais confeccionados nas oficinas diversas que s\u00e3o realizadas, bem como apresenta\u00e7\u00e3o \u00a0de m\u00fasicos locais e \u00a0alguns petiscos foram servidos.<\/p>\n<p>&nbsp;<\/p>\n<p><a href=\"http:\/\/www.fumssar.com.br\/wp-content\/uploads\/2015\/05\/CRAS-1.jpg\"><img loading=\"lazy\" decoding=\"async\" class=\"alignnone size-medium wp-image-3876\" alt=\"CRAS 1\" src=\"http:\/\/www.fumssar.com.br\/wp-content\/uploads\/2015\/05\/CRAS-1-300x225.jpg\" width=\"300\" height=\"225\" srcset=\"https:\/\/www.fumssar.com.br\/wp-content\/uploads\/2015\/05\/CRAS-1-300x225.jpg 300w, https:\/\/www.fumssar.com.br\/wp-content\/uploads\/2015\/05\/CRAS-1.jpg 800w\" sizes=\"(max-width: 300px) 100vw, 300px\" \/><\/a><a href=\"http:\/\/www.fumssar.com.br\/wp-content\/uploads\/2015\/05\/cras-3.jpg\"><img loading=\"lazy\" decoding=\"async\" class=\"alignnone size-medium wp-image-3877\" alt=\"cras 3\" src=\"http:\/\/www.fumssar.com.br\/wp-content\/uploads\/2015\/05\/cras-3-300x225.jpg\" width=\"300\" height=\"225\" srcset=\"https:\/\/www.fumssar.com.br\/wp-content\/uploads\/2015\/05\/cras-3-300x225.jpg 300w, https:\/\/www.fumssar.com.br\/wp-content\/uploads\/2015\/05\/cras-3.jpg 800w\" sizes=\"(max-width: 300px) 100vw, 300px\" \/><\/a><a href=\"http:\/\/www.fumssar.com.br\/wp-content\/uploads\/2015\/05\/cras-4.jpg\"><img loading=\"lazy\" decoding=\"async\" class=\"alignnone size-medium wp-image-3878\" alt=\"cras 4\" src=\"http:\/\/www.fumssar.com.br\/wp-content\/uploads\/2015\/05\/cras-4-300x225.jpg\" width=\"300\" height=\"225\" srcset=\"https:\/\/www.fumssar.com.br\/wp-content\/uploads\/2015\/05\/cras-4-300x225.jpg 300w, https:\/\/www.fumssar.com.br\/wp-content\/uploads\/2015\/05\/cras-4.jpg 800w\" sizes=\"(max-width: 300px) 100vw, 300px\" \/><\/a><\/p>\n","protected":false},"excerpt":{"rendered":"<p>Uma confraterniza\u00e7\u00e3o pelo Dia das M\u00e3es realizada na manh\u00e3 desta sexta-feira, 08, no Centro de&#8230;<\/p>\n","protected":false},"author":11,"featured_media":3875,"comment_status":"open","ping_status":"open","sticky":false,"template":"","format":"standard","meta":{"footnotes":""},"categories":[2],"tags":[],"_links":{"self":[{"href":"https:\/\/www.fumssar.com.br\/index.php?rest_route=\/wp\/v2\/posts\/3874"}],"collection":[{"href":"https:\/\/www.fumssar.com.br\/index.php?rest_route=\/wp\/v2\/posts"}],"about":[{"href":"https:\/\/www.fumssar.com.br\/index.php?rest_route=\/wp\/v2\/types\/post"}],"author":[{"embeddable":true,"href":"https:\/\/www.fumssar.com.br\/index.php?rest_route=\/wp\/v2\/users\/11"}],"replies":[{"embeddable":true,"href":"https:\/\/www.fumssar.com.br\/index.php?rest_route=%2Fwp%2Fv2%2Fcomments&post=3874"}],"version-history":[{"count":2,"href":"https:\/\/www.fumssar.com.br\/index.php?rest_route=\/wp\/v2\/posts\/3874\/revisions"}],"predecessor-version":[{"id":3880,"href":"https:\/\/www.fumssar.com.br\/index.php?rest_route=\/wp\/v2\/posts\/3874\/revisions\/3880"}],"wp:featuredmedia":[{"embeddable":true,"href":"https:\/\/www.fumssar.com.br\/index.php?rest_route=\/wp\/v2\/media\/3875"}],"wp:attachment":[{"href":"https:\/\/www.fumssar.com.br\/index.php?rest_route=%2Fwp%2Fv2%2Fmedia&parent=3874"}],"wp:term":[{"taxonomy":"category","embeddable":true,"href":"https:\/\/www.fumssar.com.br\/index.php?rest_route=%2Fwp%2Fv2%2Fcategories&post=3874"},{"taxonomy":"post_tag","embeddable":true,"href":"https:\/\/www.fumssar.com.br\/index.php?rest_route=%2Fwp%2Fv2%2Ftags&post=3874"}],"curies":[{"name":"wp","href":"https:\/\/api.w.org\/{rel}","templated":true}]}}