{"id":3848,"date":"2015-05-07T15:54:58","date_gmt":"2015-05-07T18:54:58","guid":{"rendered":"http:\/\/www.fumssar.com.br\/?p=3848"},"modified":"2024-10-07T16:35:58","modified_gmt":"2024-10-07T19:35:58","slug":"sabado-e-o-dia-d-para-a-vacinacao-contra-a-gripe","status":"publish","type":"post","link":"https:\/\/www.fumssar.com.br\/?p=3848","title":{"rendered":"S\u00e1bado \u00e9 o Dia \u201cD\u201d para a vacina\u00e7\u00e3o  contra a gripe"},"content":{"rendered":"<p>No pr\u00f3ximo\u00a0 s\u00e1bado,9, todas as unidades de sa\u00fade do munic\u00edpio estar\u00e3o vacinando contra a gripe \u00a0das\u00a0 8h \u00e0s\u00a0 17 h, sem fechar ao meio dia, pois esta data marca o Dia nacional da vacina\u00e7\u00e3o.\u00a0 A Campanha Nacional de Vacina\u00e7\u00e3o encerra no pr\u00f3ximo dia 22, e a meta \u00e9 vacinar, pelo menos, 80% dos grupos eleg\u00edveis para a vacina\u00e7\u00e3o. Santa Rosa possui em torno de 3735 crian\u00e7as entre 6 meses e 5 anos de idade, 689 gestantes, 113 pu\u00e9rperas, 1671 trabalhadores de sa\u00fade, 8712 idosos com mais de 60 anos e 5677 pessoas portadoras de doen\u00e7as cr\u00f4nicas. No total, a popula\u00e7\u00e3o a ser vacinada durante a campanha \u00e9 em torno de 20597 pessoas. O\u00a0 grupo a ser vacinado\u00a0 s\u00e3o: Idosos com mais de 60 anos, trabalhadores de sa\u00fade, crian\u00e7as da faixa et\u00e1ria de seis meses a menores de cinco anos, gestantes em qualquer fase da gravidez, mulheres que tiveram beb\u00ea a menos de 45 dias (pu\u00e9rperas) e pessoas portadoras das seguintes doen\u00e7as cr\u00f4nicas: diabetes; obesidade m\u00f3rbida; doen\u00e7as neurol\u00f3gicas; doen\u00e7as cr\u00f4nicas do cora\u00e7\u00e3o, pulm\u00e3o, f\u00edgado, ou rins; transplantados e portadores de trissomias. \u00c9 importante que as pessoas do p\u00fablico alvo n\u00e3o se esque\u00e7am de procurar o posto de sa\u00fade levando o seu cart\u00e3o de vacina, para que o mesmo possa ser avaliado quanto \u00e0 necessidade de vacinas adicionais. Quanto \u00e0s pessoas portadoras de doen\u00e7as cr\u00f4nicas, \u00e9 importante que elas apresentem atestado ou prescri\u00e7\u00e3o m\u00e9dica para comprovar sua doen\u00e7a no ato da vacina\u00e7\u00e3o. Segundo o presidente da FUMSSAR Dr. Lu\u00eds Ant\u00f4nio Benvegn\u00fa at\u00e9 quinta-feira, dia 7, cerca de 5700 doses de vacinas j\u00e1 foram aplicadas nas unidades de sa\u00fade do munic\u00edpio.<\/p>\n","protected":false},"excerpt":{"rendered":"<p>No pr\u00f3ximo\u00a0 s\u00e1bado,9, todas as unidades de sa\u00fade do munic\u00edpio estar\u00e3o vacinando contra a gripe&#8230;<\/p>\n","protected":false},"author":11,"featured_media":3849,"comment_status":"open","ping_status":"open","sticky":false,"template":"","format":"standard","meta":{"footnotes":""},"categories":[2],"tags":[],"_links":{"self":[{"href":"https:\/\/www.fumssar.com.br\/index.php?rest_route=\/wp\/v2\/posts\/3848"}],"collection":[{"href":"https:\/\/www.fumssar.com.br\/index.php?rest_route=\/wp\/v2\/posts"}],"about":[{"href":"https:\/\/www.fumssar.com.br\/index.php?rest_route=\/wp\/v2\/types\/post"}],"author":[{"embeddable":true,"href":"https:\/\/www.fumssar.com.br\/index.php?rest_route=\/wp\/v2\/users\/11"}],"replies":[{"embeddable":true,"href":"https:\/\/www.fumssar.com.br\/index.php?rest_route=%2Fwp%2Fv2%2Fcomments&post=3848"}],"version-history":[{"count":1,"href":"https:\/\/www.fumssar.com.br\/index.php?rest_route=\/wp\/v2\/posts\/3848\/revisions"}],"predecessor-version":[{"id":3850,"href":"https:\/\/www.fumssar.com.br\/index.php?rest_route=\/wp\/v2\/posts\/3848\/revisions\/3850"}],"wp:featuredmedia":[{"embeddable":true,"href":"https:\/\/www.fumssar.com.br\/index.php?rest_route=\/wp\/v2\/media\/3849"}],"wp:attachment":[{"href":"https:\/\/www.fumssar.com.br\/index.php?rest_route=%2Fwp%2Fv2%2Fmedia&parent=3848"}],"wp:term":[{"taxonomy":"category","embeddable":true,"href":"https:\/\/www.fumssar.com.br\/index.php?rest_route=%2Fwp%2Fv2%2Fcategories&post=3848"},{"taxonomy":"post_tag","embeddable":true,"href":"https:\/\/www.fumssar.com.br\/index.php?rest_route=%2Fwp%2Fv2%2Ftags&post=3848"}],"curies":[{"name":"wp","href":"https:\/\/api.w.org\/{rel}","templated":true}]}}