{"id":3844,"date":"2015-05-07T08:44:55","date_gmt":"2015-05-07T11:44:55","guid":{"rendered":"http:\/\/www.fumssar.com.br\/?p=3844"},"modified":"2024-10-07T16:35:58","modified_gmt":"2024-10-07T19:35:58","slug":"pre-congresso-acolhimento-e-humanizacao-no-processo-de-trabalho-dos-profissionais-da-esf-avancos-e-desafios","status":"publish","type":"post","link":"https:\/\/www.fumssar.com.br\/?p=3844","title":{"rendered":"PR\u00c9 CONGRESSO ACOLHIMENTO E HUMANIZA\u00c7\u00c3O NO PROCESSO DE TRABALHO DOS PROFISSIONAIS DA ESF: AVAN\u00c7OS E DESAFIOS"},"content":{"rendered":"<table dir=\"LTR\" width=\"465\" border=\"1\" cellspacing=\"0\" cellpadding=\"7\">\n<tbody>\n<tr>\n<td valign=\"TOP\" height=\"213\">III CONGRESSO INTERNACIONAL EM SA\u00daDE: ATEN\u00c7\u00c3O INTEGRAL \u00c0 SA\u00daDE.PR\u00c9 CONGRESSO<\/p>\n<p>ACOLHIMENTO E<\/p>\n<p>HUMANIZA\u00c7\u00c3O NO<\/p>\n<p>PROCESSO DE TRABALHO DOS PROFISSIONAIS DA ESF: AVAN\u00c7OS E DESAFIOS<\/p>\n<p>&nbsp;<\/td>\n<\/tr>\n<tr>\n<td valign=\"TOP\" height=\"34\">21 de maio de 2015Manh\u00e3 e Tarde<\/p>\n<p>&nbsp;<\/td>\n<\/tr>\n<tr>\n<td valign=\"TOP\" height=\"44\">Audit\u00f3rio Uniju\u00ed Campus Santa RosaRodovia RS 344 Km 39<\/p>\n<p>&nbsp;<\/td>\n<\/tr>\n<tr>\n<td valign=\"TOP\" height=\"95\">PALESTRANTES \u2022 Liane Beatriz Righi \u2022 Lucia Ottonelli Crescen-te \u2022 Luis Ant\u00f4nio Benvegn\u00fa\u2022 Elson Romeu Farias \u2022 Luis Artur Rosa Filho\u2022 Ivete Maria Kreutz\u2022 Arilson da Silva Cardoso \u2022 Ma-ria Benilde SchererINSCRI\u00c7\u00d5ES<\/p>\n<p>Pelo email: precongressointernacional@gmail.com<\/p>\n<p>de 06\/05\/2015 \u00e0 19\/05\/2015.<\/p>\n<table dir=\"LTR\" width=\"200\" border=\"1\" cellspacing=\"0\" cellpadding=\"7\">\n<tbody>\n<tr>\n<td valign=\"TOP\" height=\"72\">EVENTO PARA PROFISSIONAIS DA SA\u00daDE E ESTU-DANTES DA \u00c1REA DA SA\u00daDE.&nbsp;<\/td>\n<\/tr>\n<tr>\n<td valign=\"TOP\" height=\"38\">Sugerimos a doa\u00e7\u00e3o de agasalhos ou alimento n\u00e3o perec\u00edvel por n\u00e3o ha-ver taxa de inscri\u00e7\u00e3o.&nbsp;<\/td>\n<\/tr>\n<tr>\n<td valign=\"TOP\" height=\"79\">EVENTO QUEANTECEDE O<\/p>\n<p>III CONGRESSO<\/p>\n<p>INTERNACIONAL EM SA\u00daDE DA<\/p>\n<p>UNIJU\u00cd.<\/p>\n<p>&nbsp;<\/td>\n<\/tr>\n<tr>\n<td valign=\"TOP\" height=\"144\">SER\u00c1 FORNECIDO CERTIFICADO DE PARTICIPA\u00c7\u00c3OORGANIZA\u00c7\u00c3O<\/p>\n<p>Funda\u00e7\u00e3o Municipal de Sa\u00fade de Santa Rosa\/RS (FUMSSAR)<\/p>\n<p>Resid\u00eancia Multiprofissional em Sa\u00fade da Fam\u00edlia UNIJU\u00cd\/FUMSSAR<\/p>\n<p>UNIJU\u00cd<\/p>\n<p>Apoio:<\/p>\n<p>N\u00facleo de Ensino e Pesquisa da FUMSSAR<\/p>\n<p>&nbsp;<\/td>\n<\/tr>\n<\/tbody>\n<\/table>\n<p>&nbsp;<\/td>\n<\/tr>\n<\/tbody>\n<\/table>\n","protected":false},"excerpt":{"rendered":"<p>III CONGRESSO INTERNACIONAL EM SA\u00daDE: ATEN\u00c7\u00c3O INTEGRAL \u00c0 SA\u00daDE.PR\u00c9 CONGRESSO ACOLHIMENTO E HUMANIZA\u00c7\u00c3O NO PROCESSO&#8230;<\/p>\n","protected":false},"author":11,"featured_media":0,"comment_status":"open","ping_status":"open","sticky":false,"template":"","format":"standard","meta":{"footnotes":""},"categories":[2],"tags":[],"_links":{"self":[{"href":"https:\/\/www.fumssar.com.br\/index.php?rest_route=\/wp\/v2\/posts\/3844"}],"collection":[{"href":"https:\/\/www.fumssar.com.br\/index.php?rest_route=\/wp\/v2\/posts"}],"about":[{"href":"https:\/\/www.fumssar.com.br\/index.php?rest_route=\/wp\/v2\/types\/post"}],"author":[{"embeddable":true,"href":"https:\/\/www.fumssar.com.br\/index.php?rest_route=\/wp\/v2\/users\/11"}],"replies":[{"embeddable":true,"href":"https:\/\/www.fumssar.com.br\/index.php?rest_route=%2Fwp%2Fv2%2Fcomments&post=3844"}],"version-history":[{"count":3,"href":"https:\/\/www.fumssar.com.br\/index.php?rest_route=\/wp\/v2\/posts\/3844\/revisions"}],"predecessor-version":[{"id":3847,"href":"https:\/\/www.fumssar.com.br\/index.php?rest_route=\/wp\/v2\/posts\/3844\/revisions\/3847"}],"wp:attachment":[{"href":"https:\/\/www.fumssar.com.br\/index.php?rest_route=%2Fwp%2Fv2%2Fmedia&parent=3844"}],"wp:term":[{"taxonomy":"category","embeddable":true,"href":"https:\/\/www.fumssar.com.br\/index.php?rest_route=%2Fwp%2Fv2%2Fcategories&post=3844"},{"taxonomy":"post_tag","embeddable":true,"href":"https:\/\/www.fumssar.com.br\/index.php?rest_route=%2Fwp%2Fv2%2Ftags&post=3844"}],"curies":[{"name":"wp","href":"https:\/\/api.w.org\/{rel}","templated":true}]}}