{"id":3814,"date":"2015-04-24T17:25:10","date_gmt":"2015-04-24T20:25:10","guid":{"rendered":"http:\/\/www.fumssar.com.br\/?p=3814"},"modified":"2024-10-07T16:35:58","modified_gmt":"2024-10-07T19:35:58","slug":"reunioes-de-comunidades-sao-mecanismos-de-participacao-popular-na-saude-em-santa-rosa","status":"publish","type":"post","link":"https:\/\/www.fumssar.com.br\/?p=3814","title":{"rendered":"Reuni\u00f5es de comunidades s\u00e3o mecanismos de participa\u00e7\u00e3o popular na sa\u00fade em Santa Rosa"},"content":{"rendered":"<p>Durante a constru\u00e7\u00e3o do sistema de sa\u00fade p\u00fablica no munic\u00edpio de Santa Rosa, a participa\u00e7\u00e3o popular tem sido um mecanismo muito presente e construtivo. As comunidades tem o poder de decis\u00e3o na escolha de formas de atendimento e de a\u00e7\u00f5es que a unidade venha realizar para a sa\u00fade da popula\u00e7\u00e3o. Neste sentido periodicamente s\u00e3o realizadas reuni\u00f5es de comunidades para a avalia\u00e7\u00e3o e discuss\u00e3o de assuntos diversos. Nestas reuni\u00f5es participam membros das comunidades, equipes dos postos de sa\u00fade e diretores da FUMSSAR.\u00a0 Nos \u00faltimos dias diversas comunidades realizaram suas reuni\u00f5es. Na Auxiliadora e na Sulina o foco principal foi o combate \u00e0 venda de fichas, neste sentido foram adotadas de forma experimental a nova modalidade de distribui\u00e7\u00e3o de fichas, ou seja, sempre \u00e0s 16 horas as fichas para consultas no dia seguinte ser\u00e3o distribu\u00eddas.<\/p>\n<p>Esta semana a comunidade de manchinha esteve reunida e a prioridade levantada foi a da reforma do posto de sa\u00fade e a implanta\u00e7\u00e3o de uma academia aberta na localidade. A FUMSSAR comprometeu-se na elabora\u00e7\u00e3o de um projeto para a amplia\u00e7\u00e3o e reforma e na poss\u00edvel capta\u00e7\u00e3o de recursos para a obra. J\u00e1 no caso da academia aberta a Funda\u00e7\u00e3o ir\u00e1 disponibilizar os equipamentos e a comunidade realizar\u00e1 a montagem. Aldair Melchior destacou para aos moradores que a institui\u00e7\u00e3o est\u00e1 sempre voltada aos anseios da popula\u00e7\u00e3o, mas que a participa\u00e7\u00e3o popular contribui muito para as melhorias necess\u00e1rias.\u00a0 Tamb\u00e9m a unidade da esperan\u00e7a esta semana reuniu \u2013se com a comunidade na localidade de Linha faxinal, tratando assuntos de interesse local.<\/p>\n<p>&nbsp;<\/p>\n<p>&nbsp;<\/p>\n","protected":false},"excerpt":{"rendered":"<p>Durante a constru\u00e7\u00e3o do sistema de sa\u00fade p\u00fablica no munic\u00edpio de Santa Rosa, a participa\u00e7\u00e3o&#8230;<\/p>\n","protected":false},"author":11,"featured_media":3819,"comment_status":"open","ping_status":"open","sticky":false,"template":"","format":"standard","meta":{"footnotes":""},"categories":[2],"tags":[],"_links":{"self":[{"href":"https:\/\/www.fumssar.com.br\/index.php?rest_route=\/wp\/v2\/posts\/3814"}],"collection":[{"href":"https:\/\/www.fumssar.com.br\/index.php?rest_route=\/wp\/v2\/posts"}],"about":[{"href":"https:\/\/www.fumssar.com.br\/index.php?rest_route=\/wp\/v2\/types\/post"}],"author":[{"embeddable":true,"href":"https:\/\/www.fumssar.com.br\/index.php?rest_route=\/wp\/v2\/users\/11"}],"replies":[{"embeddable":true,"href":"https:\/\/www.fumssar.com.br\/index.php?rest_route=%2Fwp%2Fv2%2Fcomments&post=3814"}],"version-history":[{"count":1,"href":"https:\/\/www.fumssar.com.br\/index.php?rest_route=\/wp\/v2\/posts\/3814\/revisions"}],"predecessor-version":[{"id":3820,"href":"https:\/\/www.fumssar.com.br\/index.php?rest_route=\/wp\/v2\/posts\/3814\/revisions\/3820"}],"wp:featuredmedia":[{"embeddable":true,"href":"https:\/\/www.fumssar.com.br\/index.php?rest_route=\/wp\/v2\/media\/3819"}],"wp:attachment":[{"href":"https:\/\/www.fumssar.com.br\/index.php?rest_route=%2Fwp%2Fv2%2Fmedia&parent=3814"}],"wp:term":[{"taxonomy":"category","embeddable":true,"href":"https:\/\/www.fumssar.com.br\/index.php?rest_route=%2Fwp%2Fv2%2Fcategories&post=3814"},{"taxonomy":"post_tag","embeddable":true,"href":"https:\/\/www.fumssar.com.br\/index.php?rest_route=%2Fwp%2Fv2%2Ftags&post=3814"}],"curies":[{"name":"wp","href":"https:\/\/api.w.org\/{rel}","templated":true}]}}