{"id":3791,"date":"2015-04-17T17:14:45","date_gmt":"2015-04-17T20:14:45","guid":{"rendered":"http:\/\/www.fumssar.com.br\/?p=3791"},"modified":"2024-10-07T16:35:59","modified_gmt":"2024-10-07T19:35:59","slug":"cer-e-inaugurado-com-a-presenca-do-governador-do-estado","status":"publish","type":"post","link":"https:\/\/www.fumssar.com.br\/?p=3791","title":{"rendered":"CER \u00e9 inaugurado  com a presen\u00e7a  do Governador do Estado"},"content":{"rendered":"<p>A Funda\u00e7\u00e3o \u00a0Municipal de Sa\u00fade de\u00a0 Santa Rosa, inaugurou na manh\u00e3 desta sexta-feira,17,\u00a0 com a presen\u00e7a do governador do estado Jos\u00e9 Ivo Sartori\u00a0 o Centro Especializado em Reabilita\u00e7\u00e3o-CER\u00a0 que atende \u00e0 usu\u00e1rios nas especialidades auditivas e intelectuais. O centro conta com uma equipe de profissionais especializados tais como: quatro fonoaudi\u00f3logas, duas psic\u00f3logas, um neuropediatra e um otorrinolaringologista entre outros. Na unidade s\u00e3o atendidos usu\u00e1rios dos 22 munic\u00edpios da regi\u00e3o com encaminhamentos das unidades de sa\u00fade correspondente.<\/p>\n<p>A cerim\u00f4nia contou ainda com a presen\u00e7a do secret\u00e1rio estadual\u00a0 da sa\u00fade Jo\u00e3o Gabardo dos Reis, de deputados, lideran\u00e7as de toda\u00a0 a regi\u00e3o e do estado que tiveram como anfitri\u00f5es o prefeito de\u00a0 Santa Rosa Alcides Vicini e do presidente da FUMSSAR Dr. Lu\u00eds Ant\u00f4nio Benvegn\u00fa.<\/p>\n<p>Em seu pronunciamento o Benvegn\u00fa\u00a0 salientou a import\u00e2ncia dos servi\u00e7os ofertados aqui no munic\u00edpio,\u00a0 dizendo\u00a0 que antes da implanta\u00e7\u00e3o do CER em Santa Rosa todos os usu\u00e1rios que necessitavam dos servi\u00e7os tinham que se deslocar \u00e0 Iju\u00ed e, al\u00e9m de custos com deslocamentos\u00a0 e alimenta\u00e7\u00e3o as pessoas perdiam muito tempo com viagens at\u00e9 aquele munic\u00edpio. \u201c\u00c9 mais um servi\u00e7o de qualidade que\u00a0 estamos disponibilizando \u00e0 comunidade, e que agrega a nossa rede\u201d finalizou o presidente. O Prefeito Alcides Vicini parabenizou a comunidade pela conquista destacando que a atual administra\u00e7\u00e3o tem tido muito cuidado na aplica\u00e7\u00e3o dos recursos. Vicini citou ainda que Santa Rosa est\u00e1 avan\u00e7ando muito na \u00e1rea da sa\u00fade e que tem ofertado um trabalho de qualidade aos cidad\u00e3os. \u201c Temos feito muitos esfor\u00e7os para\u00a0 que nossa popula\u00e7\u00e3o esteja bem atendida\u00a0 na \u00e1rea da sa\u00fade e este aqui \u00e9 mais um investimento muito significativo\u201d destacou o prefeito.\u00a0 O governador Sartori\u00a0\u00a0 ressaltou que o estado mesmo\u00a0 em dificuldades vem mantendo esfor\u00e7os para garantir servi\u00e7os b\u00e1sicos \u00e0 popula\u00e7\u00e3o.<div id='gallery-1' class='gallery galleryid-3791 gallery-columns-3 gallery-size-thumbnail'><figure class='gallery-item'>\n\t\t\t<div class='gallery-icon landscape'>\n\t\t\t\t<a href='https:\/\/www.fumssar.com.br\/?attachment_id=3793'><img loading=\"lazy\" decoding=\"async\" width=\"150\" height=\"150\" src=\"https:\/\/www.fumssar.com.br\/wp-content\/uploads\/2015\/04\/inau-cer-2-150x150.jpg\" class=\"attachment-thumbnail size-thumbnail\" alt=\"\" \/><\/a>\n\t\t\t<\/div><\/figure>\n\t\t<\/div>\n<\/p>\n<p><a href=\"http:\/\/www.fumssar.com.br\/wp-content\/uploads\/2015\/04\/inau-cer-3.jpg\"><img loading=\"lazy\" decoding=\"async\" class=\"alignnone size-medium wp-image-3794\" alt=\"inau cer 3\" src=\"http:\/\/www.fumssar.com.br\/wp-content\/uploads\/2015\/04\/inau-cer-3-300x225.jpg\" width=\"300\" height=\"225\" srcset=\"https:\/\/www.fumssar.com.br\/wp-content\/uploads\/2015\/04\/inau-cer-3-300x225.jpg 300w, https:\/\/www.fumssar.com.br\/wp-content\/uploads\/2015\/04\/inau-cer-3.jpg 800w\" sizes=\"(max-width: 300px) 100vw, 300px\" \/><\/a><\/p>\n","protected":false},"excerpt":{"rendered":"<p>A Funda\u00e7\u00e3o \u00a0Municipal de Sa\u00fade de\u00a0 Santa Rosa, inaugurou na manh\u00e3 desta sexta-feira,17,\u00a0 com a&#8230;<\/p>\n","protected":false},"author":11,"featured_media":3792,"comment_status":"open","ping_status":"open","sticky":false,"template":"","format":"standard","meta":{"footnotes":""},"categories":[2],"tags":[],"_links":{"self":[{"href":"https:\/\/www.fumssar.com.br\/index.php?rest_route=\/wp\/v2\/posts\/3791"}],"collection":[{"href":"https:\/\/www.fumssar.com.br\/index.php?rest_route=\/wp\/v2\/posts"}],"about":[{"href":"https:\/\/www.fumssar.com.br\/index.php?rest_route=\/wp\/v2\/types\/post"}],"author":[{"embeddable":true,"href":"https:\/\/www.fumssar.com.br\/index.php?rest_route=\/wp\/v2\/users\/11"}],"replies":[{"embeddable":true,"href":"https:\/\/www.fumssar.com.br\/index.php?rest_route=%2Fwp%2Fv2%2Fcomments&post=3791"}],"version-history":[{"count":1,"href":"https:\/\/www.fumssar.com.br\/index.php?rest_route=\/wp\/v2\/posts\/3791\/revisions"}],"predecessor-version":[{"id":3795,"href":"https:\/\/www.fumssar.com.br\/index.php?rest_route=\/wp\/v2\/posts\/3791\/revisions\/3795"}],"wp:featuredmedia":[{"embeddable":true,"href":"https:\/\/www.fumssar.com.br\/index.php?rest_route=\/wp\/v2\/media\/3792"}],"wp:attachment":[{"href":"https:\/\/www.fumssar.com.br\/index.php?rest_route=%2Fwp%2Fv2%2Fmedia&parent=3791"}],"wp:term":[{"taxonomy":"category","embeddable":true,"href":"https:\/\/www.fumssar.com.br\/index.php?rest_route=%2Fwp%2Fv2%2Fcategories&post=3791"},{"taxonomy":"post_tag","embeddable":true,"href":"https:\/\/www.fumssar.com.br\/index.php?rest_route=%2Fwp%2Fv2%2Ftags&post=3791"}],"curies":[{"name":"wp","href":"https:\/\/api.w.org\/{rel}","templated":true}]}}