{"id":3739,"date":"2015-04-14T09:53:25","date_gmt":"2015-04-14T12:53:25","guid":{"rendered":"http:\/\/www.fumssar.com.br\/?p=3739"},"modified":"2024-10-07T16:35:59","modified_gmt":"2024-10-07T19:35:59","slug":"cerest-realizara-evento-no-dia-mundial-da-voz","status":"publish","type":"post","link":"https:\/\/www.fumssar.com.br\/?p=3739","title":{"rendered":"CEREST realizar\u00e1 evento no Dia Mundial da Voz"},"content":{"rendered":"<p>O Centro de Refer\u00eancia\u00a0 Especializado em Sa\u00fade do Trabalhador \u00a0\u2013CEREST estar\u00e1 realizando no pr\u00f3ximo dia<br \/>\n16\u00a0 oficinas voltadas aos com a voz. A data<br \/>\nmarca o Dia Mundial da Voz que vem sido comemorado pela primeira\u00a0 vez em 2003 e serve\u00a0 como mecanismo para alertar a popula\u00e7\u00e3o\u00a0\u00a0 sobre a import\u00e2ncia\u00a0 dos cuidados e tratamentos para o meio de<br \/>\ncomunica\u00e7\u00e3o mais importante para o ser humano.<br \/>\nNas oficinas estar\u00e3o sendo mostradas t\u00e9cnicas de cuidados e medidas<br \/>\npreventivas de doen\u00e7as que possam causar danos \u00e0 voz. Ser\u00e3o tr\u00eas turnos de<br \/>\noficinas manh\u00e3, tarde e noite estar\u00e3o participando profissionais que utilizam a<br \/>\nvoz como instrumento de trabalho.-<\/p>\n","protected":false},"excerpt":{"rendered":"<p>O Centro de Refer\u00eancia\u00a0 Especializado em Sa\u00fade do Trabalhador \u00a0\u2013CEREST estar\u00e1 realizando no pr\u00f3ximo dia&#8230;<\/p>\n","protected":false},"author":11,"featured_media":3740,"comment_status":"open","ping_status":"open","sticky":false,"template":"","format":"standard","meta":{"footnotes":""},"categories":[2],"tags":[],"_links":{"self":[{"href":"https:\/\/www.fumssar.com.br\/index.php?rest_route=\/wp\/v2\/posts\/3739"}],"collection":[{"href":"https:\/\/www.fumssar.com.br\/index.php?rest_route=\/wp\/v2\/posts"}],"about":[{"href":"https:\/\/www.fumssar.com.br\/index.php?rest_route=\/wp\/v2\/types\/post"}],"author":[{"embeddable":true,"href":"https:\/\/www.fumssar.com.br\/index.php?rest_route=\/wp\/v2\/users\/11"}],"replies":[{"embeddable":true,"href":"https:\/\/www.fumssar.com.br\/index.php?rest_route=%2Fwp%2Fv2%2Fcomments&post=3739"}],"version-history":[{"count":1,"href":"https:\/\/www.fumssar.com.br\/index.php?rest_route=\/wp\/v2\/posts\/3739\/revisions"}],"predecessor-version":[{"id":3741,"href":"https:\/\/www.fumssar.com.br\/index.php?rest_route=\/wp\/v2\/posts\/3739\/revisions\/3741"}],"wp:featuredmedia":[{"embeddable":true,"href":"https:\/\/www.fumssar.com.br\/index.php?rest_route=\/wp\/v2\/media\/3740"}],"wp:attachment":[{"href":"https:\/\/www.fumssar.com.br\/index.php?rest_route=%2Fwp%2Fv2%2Fmedia&parent=3739"}],"wp:term":[{"taxonomy":"category","embeddable":true,"href":"https:\/\/www.fumssar.com.br\/index.php?rest_route=%2Fwp%2Fv2%2Fcategories&post=3739"},{"taxonomy":"post_tag","embeddable":true,"href":"https:\/\/www.fumssar.com.br\/index.php?rest_route=%2Fwp%2Fv2%2Ftags&post=3739"}],"curies":[{"name":"wp","href":"https:\/\/api.w.org\/{rel}","templated":true}]}}