{"id":3709,"date":"2015-04-06T17:40:13","date_gmt":"2015-04-06T20:40:13","guid":{"rendered":"http:\/\/www.fumssar.com.br\/?p=3709"},"modified":"2024-10-07T16:35:59","modified_gmt":"2024-10-07T19:35:59","slug":"primeira-infancia-melhor-realizou-festa-de-pascoa-2","status":"publish","type":"post","link":"https:\/\/www.fumssar.com.br\/?p=3709","title":{"rendered":"Primeira Inf\u00e2ncia Melhor  realizou festa de p\u00e1scoa"},"content":{"rendered":"<p>As fam\u00edlias\u00a0 que participam do\u00a0 Primeira Inf\u00e2ncia Melhor-PIM, tiveram uma confraterniza\u00e7\u00e3o de p\u00e1scoa\u00a0 em uma festa realizada na\u00a0 quarta-feira,25 nas depend\u00eancias do CIEP no Bairro Auxiliadora. No\u00a0 evento foram realizadas\u00a0 brincadeiras, din\u00e2micas\u00a0 com as fam\u00edlias\u00a0 bem como\u00a0 foram distribu\u00eddos doces para as crian\u00e7as. A enfermeira Edna\u00a0 Margarete Fortes que coordena o GTM da sa\u00fade destacou que o objetivo do encontro foi de\u00a0 confraternizar e despertar nas fam\u00edlias o real sentido\u00a0 da p\u00e1scoa.\u00a0 O presidente da FUMSSAR prestigiou o evento lembrando da import\u00e2ncia da realiza\u00e7\u00e3o\u00a0 do momento de confraterniza\u00e7\u00e3o entre as fam\u00edlias, parabenizando as visitadoras\u00a0 pela organiza\u00e7\u00e3o. O PIM \u00e9 realizado\u00a0 em parceria\u00a0 entre FUMSSAR, Secretaria de Educa\u00e7\u00e3o e\u00a0 Secretaria de Desenvolvimento Social.<\/p>\n<p>Atualmente\u00a0 s\u00e3o atendidas 80 fam\u00edlias\u00a0 visando o acompanhamento de crian\u00e7as de o a 6 anos e gestantes.<\/p>\n<p>&nbsp;<\/p>\n<p>&nbsp;<\/p>\n<p>Atualmente\u00a0 s\u00e3o atendidas 80 fam\u00edlias\u00a0 visando o acompanhamento de crian\u00e7as de o a 6 anos e gestantes.<a href=\"http:\/\/www.fumssar.com.br\/wp-content\/uploads\/2015\/04\/pim-21.jpg\"><img loading=\"lazy\" decoding=\"async\" class=\"alignnone size-medium wp-image-3711\" alt=\"pim 2\" src=\"http:\/\/www.fumssar.com.br\/wp-content\/uploads\/2015\/04\/pim-21-300x225.jpg\" width=\"300\" height=\"225\" srcset=\"https:\/\/www.fumssar.com.br\/wp-content\/uploads\/2015\/04\/pim-21-300x225.jpg 300w, https:\/\/www.fumssar.com.br\/wp-content\/uploads\/2015\/04\/pim-21.jpg 800w\" sizes=\"(max-width: 300px) 100vw, 300px\" \/><\/a><\/p>\n","protected":false},"excerpt":{"rendered":"<p>As fam\u00edlias\u00a0 que participam do\u00a0 Primeira Inf\u00e2ncia Melhor-PIM, tiveram uma confraterniza\u00e7\u00e3o de p\u00e1scoa\u00a0 em uma&#8230;<\/p>\n","protected":false},"author":11,"featured_media":3710,"comment_status":"open","ping_status":"open","sticky":false,"template":"","format":"standard","meta":{"footnotes":""},"categories":[2],"tags":[],"_links":{"self":[{"href":"https:\/\/www.fumssar.com.br\/index.php?rest_route=\/wp\/v2\/posts\/3709"}],"collection":[{"href":"https:\/\/www.fumssar.com.br\/index.php?rest_route=\/wp\/v2\/posts"}],"about":[{"href":"https:\/\/www.fumssar.com.br\/index.php?rest_route=\/wp\/v2\/types\/post"}],"author":[{"embeddable":true,"href":"https:\/\/www.fumssar.com.br\/index.php?rest_route=\/wp\/v2\/users\/11"}],"replies":[{"embeddable":true,"href":"https:\/\/www.fumssar.com.br\/index.php?rest_route=%2Fwp%2Fv2%2Fcomments&post=3709"}],"version-history":[{"count":1,"href":"https:\/\/www.fumssar.com.br\/index.php?rest_route=\/wp\/v2\/posts\/3709\/revisions"}],"predecessor-version":[{"id":3712,"href":"https:\/\/www.fumssar.com.br\/index.php?rest_route=\/wp\/v2\/posts\/3709\/revisions\/3712"}],"wp:featuredmedia":[{"embeddable":true,"href":"https:\/\/www.fumssar.com.br\/index.php?rest_route=\/wp\/v2\/media\/3710"}],"wp:attachment":[{"href":"https:\/\/www.fumssar.com.br\/index.php?rest_route=%2Fwp%2Fv2%2Fmedia&parent=3709"}],"wp:term":[{"taxonomy":"category","embeddable":true,"href":"https:\/\/www.fumssar.com.br\/index.php?rest_route=%2Fwp%2Fv2%2Fcategories&post=3709"},{"taxonomy":"post_tag","embeddable":true,"href":"https:\/\/www.fumssar.com.br\/index.php?rest_route=%2Fwp%2Fv2%2Ftags&post=3709"}],"curies":[{"name":"wp","href":"https:\/\/api.w.org\/{rel}","templated":true}]}}