{"id":3658,"date":"2015-03-24T17:06:55","date_gmt":"2015-03-24T20:06:55","guid":{"rendered":"http:\/\/www.fumssar.com.br\/?p=3658"},"modified":"2024-10-07T16:35:59","modified_gmt":"2024-10-07T19:35:59","slug":"cerest-reuniu-representantes-de-entidades-e-municipios","status":"publish","type":"post","link":"https:\/\/www.fumssar.com.br\/?p=3658","title":{"rendered":"CEREST  reuniu representantes de entidades e munic\u00edpios"},"content":{"rendered":"<p>Na manh\u00e3 desta segunda-feira,23, a\u00a0 equipe do Centro Regional Especializado em Sa\u00fade do Trabalhador \u2013CEREST Fronteira Noroeste\u00a0 esteve reunida com \u00a021 entidades e munic\u00edpios de sua \u00e1rea de abrang\u00eancia.\u00a0 Na pauta entre outros assuntos\u00a0 foi marcado para o dia 09 de maio pr\u00f3ximo a realiza\u00e7\u00e3o de um evento\u00a0 regional para trabalhadores. Na oportunidade entidades e munic\u00edpios bem como a 14\u00aa CRS e INSS\u00a0 estar\u00e3o expondo \u00e0 popula\u00e7\u00e3o quais os servi\u00e7os oferecidos por cada um na \u00e1rea de sa\u00fade do trabalhador. O CEREST realizar\u00e1\u00a0 atividades f\u00edsicas orientadas\u00a0 e tamb\u00e9m atividades na \u00e1rea de sa\u00fade. Est\u00e3o previstas tamb\u00e9m apresenta\u00e7\u00f5es art\u00edsticas\u00a0 exposi\u00e7\u00f5es de trabalhos de artesanato\u00a0 artes\u00e3os de toda a regi\u00e3o\u00a0 com espa\u00e7o para a comercializa\u00e7\u00e3o de produtos de economia solid\u00e1ria. Segundo a Coordenadora do CEREST o evento ir\u00e1 proporcionar al\u00e9m de informa\u00e7\u00f5es tamb\u00e9m muito\u00a0 entretenimento \u00a0e lazer. O Presidente da FUMSSAR Dr. Lu\u00eds Ant\u00f4nio Benvegn\u00fa esteve prestigiando a reuni\u00e3o\u00a0\u00a0 destacando que o CEREST est\u00e1 a disposi\u00e7\u00e3o de toda a regi\u00e3o e mant\u00e9m uma equipe preparada para o atendimento em sa\u00fade do trabalhador.<\/p>\n","protected":false},"excerpt":{"rendered":"<p>Na manh\u00e3 desta segunda-feira,23, a\u00a0 equipe do Centro Regional Especializado em Sa\u00fade do Trabalhador \u2013CEREST&#8230;<\/p>\n","protected":false},"author":11,"featured_media":3659,"comment_status":"open","ping_status":"open","sticky":false,"template":"","format":"standard","meta":{"footnotes":""},"categories":[2],"tags":[],"_links":{"self":[{"href":"https:\/\/www.fumssar.com.br\/index.php?rest_route=\/wp\/v2\/posts\/3658"}],"collection":[{"href":"https:\/\/www.fumssar.com.br\/index.php?rest_route=\/wp\/v2\/posts"}],"about":[{"href":"https:\/\/www.fumssar.com.br\/index.php?rest_route=\/wp\/v2\/types\/post"}],"author":[{"embeddable":true,"href":"https:\/\/www.fumssar.com.br\/index.php?rest_route=\/wp\/v2\/users\/11"}],"replies":[{"embeddable":true,"href":"https:\/\/www.fumssar.com.br\/index.php?rest_route=%2Fwp%2Fv2%2Fcomments&post=3658"}],"version-history":[{"count":1,"href":"https:\/\/www.fumssar.com.br\/index.php?rest_route=\/wp\/v2\/posts\/3658\/revisions"}],"predecessor-version":[{"id":3660,"href":"https:\/\/www.fumssar.com.br\/index.php?rest_route=\/wp\/v2\/posts\/3658\/revisions\/3660"}],"wp:featuredmedia":[{"embeddable":true,"href":"https:\/\/www.fumssar.com.br\/index.php?rest_route=\/wp\/v2\/media\/3659"}],"wp:attachment":[{"href":"https:\/\/www.fumssar.com.br\/index.php?rest_route=%2Fwp%2Fv2%2Fmedia&parent=3658"}],"wp:term":[{"taxonomy":"category","embeddable":true,"href":"https:\/\/www.fumssar.com.br\/index.php?rest_route=%2Fwp%2Fv2%2Fcategories&post=3658"},{"taxonomy":"post_tag","embeddable":true,"href":"https:\/\/www.fumssar.com.br\/index.php?rest_route=%2Fwp%2Fv2%2Ftags&post=3658"}],"curies":[{"name":"wp","href":"https:\/\/api.w.org\/{rel}","templated":true}]}}