{"id":3433,"date":"2015-03-04T16:30:17","date_gmt":"2015-03-04T19:30:17","guid":{"rendered":"http:\/\/www.fumssar.com.br\/?p=3433"},"modified":"2024-10-07T16:36:00","modified_gmt":"2024-10-07T19:36:00","slug":"fumssar-e-unijui-realizaram-aula-inaugural-da-residencia-multiprofissional-em-saude-da-familia","status":"publish","type":"post","link":"https:\/\/www.fumssar.com.br\/?p=3433","title":{"rendered":"FUMSSAR e UNIJU\u00cd realizaram  aula inaugural da Resid\u00eancia Multiprofissional em Sa\u00fade da Fam\u00edlia"},"content":{"rendered":"<p>Um evento realizado na noite de ter\u00e7a-feira, 03, nas depend\u00eancias da UNIJU\u00cd Campus Santa Rosa, marcou o in\u00edcio do curso da 6\u00aa Tuma de Resid\u00eancia Multiprofissional em Sa\u00fade da Fam\u00edlia, curso este que \u00e9 realizado numa parceria entre a Universidade Regional do Noroeste do Estado do Rio Grande do Sul-UNIJU\u00cd e a Funda\u00e7\u00e3o Municipal de Sa\u00fade de Santa Rosa-FUMSSAR. O curso tem dura\u00e7\u00e3o de dois anos com aulas te\u00f3ricas \u00a0e atividades pr\u00e1ticas em unidades de sa\u00fade do munic\u00edpio de Santa Rosa. O Pr\u00f3-reitor da UNIJU\u00cd, Professor Ariosto Sparenberger destacou a import\u00e2ncia que o curso tem, sendo a sa\u00fade uma \u00e1rea muito importante para a sociedade em geral. Ariosto destacou ainda que a universidade tem valorizado esta \u00e1rea buscando novos cursos. O presidente da FUMSSAR. Dr. Lu\u00eds Ant\u00f4nio Benvegn\u00fa que ministrou a aula inaugural, fez um breve relato da implanta\u00e7\u00e3o do curso em Santa Rosa destacando que o trabalho realizado na resid\u00eancia tem uma dedica\u00e7\u00e3o profissional muito intensa na forma\u00e7\u00e3o dos profissionais. O presidente destacou que coordenadores, preceptores e os profissionais das unidades b\u00e1sicas de sa\u00fade d\u00e3o todo um suporte no aprendizado bem como no atendimento di\u00e1rio dos residentes nos postos. Al\u00e9m dos alunos residentes, estudantes do curso de psicologia da UNIJU\u00cd, tamb\u00e9m assistiram \u00e0 aula inaugural. A solenidade contou ainda com a presen\u00e7a de lideran\u00e7as da comunidade, coordenadores do curso, professores, servidores da FUMSSAR E funcion\u00e1rios da UNIJU\u00cd. A coordenadora do N\u00facleo de Ensino e Pesquisa \u2013 NEP da FUMSSAR\u00a0 Dr\u00aa. Fabiana Breitenbach durante a aula inaugural ressaltou a import\u00e2ncia do cuidado de sa\u00fade realizado pela equipe multiprofissional nos postos de sa\u00fade e a qualifica\u00e7\u00e3o na \u00e1rea de atua\u00e7\u00e3o.<\/p>\n<p>&nbsp;<\/p>\n<p><a href=\"http:\/\/www.fumssar.com.br\/wp-content\/uploads\/2015\/03\/aula-inaugural-3.jpg\"><img loading=\"lazy\" decoding=\"async\" class=\"alignnone size-medium wp-image-3435\" alt=\"aula inaugural 3\" src=\"http:\/\/www.fumssar.com.br\/wp-content\/uploads\/2015\/03\/aula-inaugural-3-300x225.jpg\" width=\"300\" height=\"225\" srcset=\"https:\/\/www.fumssar.com.br\/wp-content\/uploads\/2015\/03\/aula-inaugural-3-300x225.jpg 300w, https:\/\/www.fumssar.com.br\/wp-content\/uploads\/2015\/03\/aula-inaugural-3.jpg 640w\" sizes=\"(max-width: 300px) 100vw, 300px\" \/><\/a><a href=\"http:\/\/www.fumssar.com.br\/wp-content\/uploads\/2015\/03\/aula-inaugural.jpg\"><img loading=\"lazy\" decoding=\"async\" class=\"alignnone size-medium wp-image-3436\" alt=\"aula inaugural\" src=\"http:\/\/www.fumssar.com.br\/wp-content\/uploads\/2015\/03\/aula-inaugural-300x225.jpg\" width=\"300\" height=\"225\" srcset=\"https:\/\/www.fumssar.com.br\/wp-content\/uploads\/2015\/03\/aula-inaugural-300x225.jpg 300w, https:\/\/www.fumssar.com.br\/wp-content\/uploads\/2015\/03\/aula-inaugural.jpg 640w\" sizes=\"(max-width: 300px) 100vw, 300px\" \/><\/a><\/p>\n","protected":false},"excerpt":{"rendered":"<p>Um evento realizado na noite de ter\u00e7a-feira, 03, nas depend\u00eancias da UNIJU\u00cd Campus Santa Rosa,&#8230;<\/p>\n","protected":false},"author":11,"featured_media":3434,"comment_status":"open","ping_status":"open","sticky":false,"template":"","format":"standard","meta":{"footnotes":""},"categories":[2],"tags":[],"_links":{"self":[{"href":"https:\/\/www.fumssar.com.br\/index.php?rest_route=\/wp\/v2\/posts\/3433"}],"collection":[{"href":"https:\/\/www.fumssar.com.br\/index.php?rest_route=\/wp\/v2\/posts"}],"about":[{"href":"https:\/\/www.fumssar.com.br\/index.php?rest_route=\/wp\/v2\/types\/post"}],"author":[{"embeddable":true,"href":"https:\/\/www.fumssar.com.br\/index.php?rest_route=\/wp\/v2\/users\/11"}],"replies":[{"embeddable":true,"href":"https:\/\/www.fumssar.com.br\/index.php?rest_route=%2Fwp%2Fv2%2Fcomments&post=3433"}],"version-history":[{"count":1,"href":"https:\/\/www.fumssar.com.br\/index.php?rest_route=\/wp\/v2\/posts\/3433\/revisions"}],"predecessor-version":[{"id":3437,"href":"https:\/\/www.fumssar.com.br\/index.php?rest_route=\/wp\/v2\/posts\/3433\/revisions\/3437"}],"wp:featuredmedia":[{"embeddable":true,"href":"https:\/\/www.fumssar.com.br\/index.php?rest_route=\/wp\/v2\/media\/3434"}],"wp:attachment":[{"href":"https:\/\/www.fumssar.com.br\/index.php?rest_route=%2Fwp%2Fv2%2Fmedia&parent=3433"}],"wp:term":[{"taxonomy":"category","embeddable":true,"href":"https:\/\/www.fumssar.com.br\/index.php?rest_route=%2Fwp%2Fv2%2Fcategories&post=3433"},{"taxonomy":"post_tag","embeddable":true,"href":"https:\/\/www.fumssar.com.br\/index.php?rest_route=%2Fwp%2Fv2%2Ftags&post=3433"}],"curies":[{"name":"wp","href":"https:\/\/api.w.org\/{rel}","templated":true}]}}