{"id":3426,"date":"2015-03-03T08:09:13","date_gmt":"2015-03-03T11:09:13","guid":{"rendered":"http:\/\/www.fumssar.com.br\/?p=3426"},"modified":"2024-10-07T16:36:00","modified_gmt":"2024-10-07T19:36:00","slug":"medicos-da-rede-publica-da-fumssar-receberam-ensaio-clinico-do-telesssaudersufrgs","status":"publish","type":"post","link":"https:\/\/www.fumssar.com.br\/?p=3426","title":{"rendered":"M\u00e9dicos da rede p\u00fablica da FUMSSAR receberam ensaio cl\u00ednico do Telesssa\u00fadeRS\/UFRGS"},"content":{"rendered":"<p>Uma equipe do Telessa\u00fade\/RS da Universidade Federal do Rio Grande do Sul, esteve em Santa Rosa na manh\u00e3 desta sexta feira, 27,realizando um evento referente ao in\u00edcio de uma pesquisa\u00a0 sobre\u00a0 doen\u00e7as respirat\u00f3rias cr\u00f4nicas(asma e bronquite cr\u00f4nica com seis profissionais m\u00e9dicos da rede b\u00e1sica da FUMSSAR. Os profissionais m\u00e9dicos da rede b\u00e1sica da FUMSSAR, receberam orienta\u00e7\u00f5es sobre o programa e tamb\u00e9m participaram de um ensaio cl\u00ednico\u00a0 e receberam aparelhos port\u00e1teis\u00a0 para medir o pico de\u00a0 fluxo\u00a0 expirat\u00f3rio\u00a0 chamados de \u201cPeak Flow\u201d.Estes aparelhos s\u00e3o mecanismos que auxiliam na avalia\u00e7\u00e3o da fun\u00e7\u00e3o pulmonar e no controle da asma dos pacientes, e determinam a gravidade das crises, e um acompanhamento adequado. O coordenador do Telessa\u00fade\/RS, o Professor Marcelo Rodrigues Gon\u00e7alves, destacou que o respiranet d\u00e1 um suporte em expirometria em todo estado que \u00e9 um exame que mede a fun\u00e7\u00e3o pulmonar sendo muito \u00fatil para o manejo das doen\u00e7as respirat\u00f3rias cr\u00f4nicas, principalmente a asma e a bronquite cr\u00f4nica. O professor explicou que\u00a0 Santa Rosa est\u00e1 recebendo uma segunda etapa do programa atrav\u00e9s de uma pesquisa, com a capta\u00e7\u00e3o de pacientes em Porto Alegre, Santa Rosa e Santa Cruz do Sul com doen\u00e7as respirat\u00f3rias cr\u00f4nicas que ser\u00e3o divididos em dois \u00a0grupos, com suporte ativo do Telessa\u00fade\u00a0 com uma reavalia\u00e7\u00e3o depois do prazo de 16 semanas. Para o presidente da FUMSSAR, Dr. Lu\u00eds Ant\u00f4nio Benvegn\u00fa\u00a0 o programa tem auxiliado muito os usu\u00e1rios uma vez que recebem um atendimento por profissionais que\u00a0 trabalham especificamente na \u00e1rea. Benvegn\u00fa lembrou que recentemente o munic\u00edpio de Santa Rosa recebeu uma homenagem do Telessa\u00fade por ter aceitado \u00a0a participar como plano piloto do Programa Respiranet.<\/p>\n<p><a href=\"http:\/\/www.fumssar.com.br\/wp-content\/uploads\/2015\/03\/respiranet.jpg\"><img loading=\"lazy\" decoding=\"async\" class=\"alignnone size-medium wp-image-3428\" alt=\"respiranet\" src=\"http:\/\/www.fumssar.com.br\/wp-content\/uploads\/2015\/03\/respiranet-300x225.jpg\" width=\"300\" height=\"225\" srcset=\"https:\/\/www.fumssar.com.br\/wp-content\/uploads\/2015\/03\/respiranet-300x225.jpg 300w, https:\/\/www.fumssar.com.br\/wp-content\/uploads\/2015\/03\/respiranet.jpg 640w\" sizes=\"(max-width: 300px) 100vw, 300px\" \/><\/a><\/p>\n<p>&nbsp;<\/p>\n","protected":false},"excerpt":{"rendered":"<p>Uma equipe do Telessa\u00fade\/RS da Universidade Federal do Rio Grande do Sul, esteve em Santa&#8230;<\/p>\n","protected":false},"author":11,"featured_media":3427,"comment_status":"open","ping_status":"open","sticky":false,"template":"","format":"standard","meta":{"footnotes":""},"categories":[2],"tags":[],"_links":{"self":[{"href":"https:\/\/www.fumssar.com.br\/index.php?rest_route=\/wp\/v2\/posts\/3426"}],"collection":[{"href":"https:\/\/www.fumssar.com.br\/index.php?rest_route=\/wp\/v2\/posts"}],"about":[{"href":"https:\/\/www.fumssar.com.br\/index.php?rest_route=\/wp\/v2\/types\/post"}],"author":[{"embeddable":true,"href":"https:\/\/www.fumssar.com.br\/index.php?rest_route=\/wp\/v2\/users\/11"}],"replies":[{"embeddable":true,"href":"https:\/\/www.fumssar.com.br\/index.php?rest_route=%2Fwp%2Fv2%2Fcomments&post=3426"}],"version-history":[{"count":1,"href":"https:\/\/www.fumssar.com.br\/index.php?rest_route=\/wp\/v2\/posts\/3426\/revisions"}],"predecessor-version":[{"id":3429,"href":"https:\/\/www.fumssar.com.br\/index.php?rest_route=\/wp\/v2\/posts\/3426\/revisions\/3429"}],"wp:featuredmedia":[{"embeddable":true,"href":"https:\/\/www.fumssar.com.br\/index.php?rest_route=\/wp\/v2\/media\/3427"}],"wp:attachment":[{"href":"https:\/\/www.fumssar.com.br\/index.php?rest_route=%2Fwp%2Fv2%2Fmedia&parent=3426"}],"wp:term":[{"taxonomy":"category","embeddable":true,"href":"https:\/\/www.fumssar.com.br\/index.php?rest_route=%2Fwp%2Fv2%2Fcategories&post=3426"},{"taxonomy":"post_tag","embeddable":true,"href":"https:\/\/www.fumssar.com.br\/index.php?rest_route=%2Fwp%2Fv2%2Ftags&post=3426"}],"curies":[{"name":"wp","href":"https:\/\/api.w.org\/{rel}","templated":true}]}}