{"id":3397,"date":"2015-02-24T10:58:48","date_gmt":"2015-02-24T13:58:48","guid":{"rendered":"http:\/\/www.fumssar.com.br\/?p=3397"},"modified":"2024-10-07T16:36:00","modified_gmt":"2024-10-07T19:36:00","slug":"fumssar-mantem-adesao-ao-programa-de-provisao-de-medicos-do-ministerio-da-saude","status":"publish","type":"post","link":"https:\/\/www.fumssar.com.br\/?p=3397","title":{"rendered":"FUMSSAR mant\u00e9m ades\u00e3o ao Programa de Provis\u00e3o de M\u00e9dicos do Minist\u00e9rio da Sa\u00fade"},"content":{"rendered":"<p>A Funda\u00e7\u00e3o Municipal de Sa\u00fade-FUMSSAR no ano de 2014 recebeu quatro profissionais do Programa Mais M\u00e9dicos do Minist\u00e9rio da Sa\u00fade. Este programa destinou para o munic\u00edpio dois m\u00e9dicos cubanos e dois argentinos \u00a0e um brasileiro\u00a0 do Programa PROVAB, que passaram a atuar na rede p\u00fablica de sa\u00fade de Santa Rosa. Em janeiro deste ano a FUMSSAR manifestou interesse na perman\u00eancia de ades\u00e3o o que foi confirmado pelo MS neste m\u00eas de fevereiro. Na pr\u00f3xima semana um novo profissional do PROVAB passar\u00e1 a atuar na Unidade de Sa\u00fade da Vila Pereira. Estes profissionais s\u00e3o contratados para 40 horas semanais, sendo que destas 32 s\u00e3o de atendimento e 8 horas de estudos em curso de especializa\u00e7\u00e3o em sa\u00fade da fam\u00edlia. O presidente da FUMSSAR destacou que estes profissionais foram bem aceitos nas comunidades onde est\u00e3o atuando.<\/p>\n","protected":false},"excerpt":{"rendered":"<p>A Funda\u00e7\u00e3o Municipal de Sa\u00fade-FUMSSAR no ano de 2014 recebeu quatro profissionais do Programa Mais&#8230;<\/p>\n","protected":false},"author":11,"featured_media":3398,"comment_status":"open","ping_status":"open","sticky":false,"template":"","format":"standard","meta":{"footnotes":""},"categories":[2],"tags":[],"_links":{"self":[{"href":"https:\/\/www.fumssar.com.br\/index.php?rest_route=\/wp\/v2\/posts\/3397"}],"collection":[{"href":"https:\/\/www.fumssar.com.br\/index.php?rest_route=\/wp\/v2\/posts"}],"about":[{"href":"https:\/\/www.fumssar.com.br\/index.php?rest_route=\/wp\/v2\/types\/post"}],"author":[{"embeddable":true,"href":"https:\/\/www.fumssar.com.br\/index.php?rest_route=\/wp\/v2\/users\/11"}],"replies":[{"embeddable":true,"href":"https:\/\/www.fumssar.com.br\/index.php?rest_route=%2Fwp%2Fv2%2Fcomments&post=3397"}],"version-history":[{"count":1,"href":"https:\/\/www.fumssar.com.br\/index.php?rest_route=\/wp\/v2\/posts\/3397\/revisions"}],"predecessor-version":[{"id":3399,"href":"https:\/\/www.fumssar.com.br\/index.php?rest_route=\/wp\/v2\/posts\/3397\/revisions\/3399"}],"wp:featuredmedia":[{"embeddable":true,"href":"https:\/\/www.fumssar.com.br\/index.php?rest_route=\/wp\/v2\/media\/3398"}],"wp:attachment":[{"href":"https:\/\/www.fumssar.com.br\/index.php?rest_route=%2Fwp%2Fv2%2Fmedia&parent=3397"}],"wp:term":[{"taxonomy":"category","embeddable":true,"href":"https:\/\/www.fumssar.com.br\/index.php?rest_route=%2Fwp%2Fv2%2Fcategories&post=3397"},{"taxonomy":"post_tag","embeddable":true,"href":"https:\/\/www.fumssar.com.br\/index.php?rest_route=%2Fwp%2Fv2%2Ftags&post=3397"}],"curies":[{"name":"wp","href":"https:\/\/api.w.org\/{rel}","templated":true}]}}