{"id":3344,"date":"2015-02-03T13:57:22","date_gmt":"2015-02-03T16:57:22","guid":{"rendered":"http:\/\/www.fumssar.com.br\/?p=3344"},"modified":"2024-10-07T16:36:00","modified_gmt":"2024-10-07T19:36:00","slug":"iniciada-oficialmente-a-obra-do-novo-posto-da-agricola","status":"publish","type":"post","link":"https:\/\/www.fumssar.com.br\/?p=3344","title":{"rendered":"Iniciada oficialmente a obra do novo Posto da Agr\u00edcola"},"content":{"rendered":"<p>Iniciada oficialmente a constru\u00e7\u00e3o do novo posto de sa\u00fade do bairro Agr\u00edcola. A solenidade de in\u00edcio da obra foi realizada no final da tarde de sexta-feira, 30. A edifica\u00e7\u00e3o est\u00e1 projetada com uma \u00e1rea de 492 metros quadrados h\u00e1 poucos metros do atual posto de sa\u00fade. O prefeito em exerc\u00edcio na ocasi\u00e3o Dr. Lu\u00eds Ant\u00f4nio Benvegn\u00fa destacou os esfor\u00e7os empreendidos pela equipe da FUMSSAR na elabora\u00e7\u00e3o do projeto bem como na capta\u00e7\u00e3o de recursos em torno de R$ 800 mil. Benvegn\u00fa tamb\u00e9m destacou que a maior parte dos recursos investidos na obra, s\u00e3o pr\u00f3prios e com participa\u00e7\u00e3o do Minist\u00e9rio da Sa\u00fade. Ele\u00a0 anunciou ainda que o pr\u00e9dio que hoje abriga o posto ser\u00e1 destinado \u00e0 comunidade para a implanta\u00e7\u00e3o de uma capela mortu\u00e1ria, que \u00e9 um anseio de trinta anos da popula\u00e7\u00e3o da localidade. O presidente\u00a0 substituto Aldair Melchior\u00a0 fez um relato\u00a0 breve de todo o processo, desde aquisi\u00e7\u00e3o do terreno at\u00e9\u00a0 o in\u00edcio da obra. Melchior disse que todo o trabalho realizado render\u00e1 frutos aos usu\u00e1rios que passar\u00e3o a contar com um posto amplo e moderno.<a href=\"http:\/\/www.fumssar.com.br\/wp-content\/uploads\/2015\/02\/inaugura\u00e7\u00e3o-gl\u00f3ria-2.jpg\"><img loading=\"lazy\" decoding=\"async\" class=\"alignnone size-medium wp-image-3346\" alt=\"inaugura\u00e7\u00e3o gl\u00f3ria 2\" src=\"http:\/\/www.fumssar.com.br\/wp-content\/uploads\/2015\/02\/inaugura\u00e7\u00e3o-gl\u00f3ria-2-300x225.jpg\" width=\"300\" height=\"225\" srcset=\"https:\/\/www.fumssar.com.br\/wp-content\/uploads\/2015\/02\/inaugura\u00e7\u00e3o-gl\u00f3ria-2-300x225.jpg 300w, https:\/\/www.fumssar.com.br\/wp-content\/uploads\/2015\/02\/inaugura\u00e7\u00e3o-gl\u00f3ria-2.jpg 640w\" sizes=\"(max-width: 300px) 100vw, 300px\" \/><\/a><\/p>\n","protected":false},"excerpt":{"rendered":"<p>Iniciada oficialmente a constru\u00e7\u00e3o do novo posto de sa\u00fade do bairro Agr\u00edcola. A solenidade de&#8230;<\/p>\n","protected":false},"author":11,"featured_media":3345,"comment_status":"open","ping_status":"open","sticky":false,"template":"","format":"standard","meta":{"footnotes":""},"categories":[2],"tags":[],"_links":{"self":[{"href":"https:\/\/www.fumssar.com.br\/index.php?rest_route=\/wp\/v2\/posts\/3344"}],"collection":[{"href":"https:\/\/www.fumssar.com.br\/index.php?rest_route=\/wp\/v2\/posts"}],"about":[{"href":"https:\/\/www.fumssar.com.br\/index.php?rest_route=\/wp\/v2\/types\/post"}],"author":[{"embeddable":true,"href":"https:\/\/www.fumssar.com.br\/index.php?rest_route=\/wp\/v2\/users\/11"}],"replies":[{"embeddable":true,"href":"https:\/\/www.fumssar.com.br\/index.php?rest_route=%2Fwp%2Fv2%2Fcomments&post=3344"}],"version-history":[{"count":2,"href":"https:\/\/www.fumssar.com.br\/index.php?rest_route=\/wp\/v2\/posts\/3344\/revisions"}],"predecessor-version":[{"id":3349,"href":"https:\/\/www.fumssar.com.br\/index.php?rest_route=\/wp\/v2\/posts\/3344\/revisions\/3349"}],"wp:featuredmedia":[{"embeddable":true,"href":"https:\/\/www.fumssar.com.br\/index.php?rest_route=\/wp\/v2\/media\/3345"}],"wp:attachment":[{"href":"https:\/\/www.fumssar.com.br\/index.php?rest_route=%2Fwp%2Fv2%2Fmedia&parent=3344"}],"wp:term":[{"taxonomy":"category","embeddable":true,"href":"https:\/\/www.fumssar.com.br\/index.php?rest_route=%2Fwp%2Fv2%2Fcategories&post=3344"},{"taxonomy":"post_tag","embeddable":true,"href":"https:\/\/www.fumssar.com.br\/index.php?rest_route=%2Fwp%2Fv2%2Ftags&post=3344"}],"curies":[{"name":"wp","href":"https:\/\/api.w.org\/{rel}","templated":true}]}}