{"id":3302,"date":"2015-01-22T13:26:15","date_gmt":"2015-01-22T16:26:15","guid":{"rendered":"http:\/\/www.fumssar.com.br\/?p=3302"},"modified":"2024-10-07T16:36:01","modified_gmt":"2024-10-07T19:36:01","slug":"fumssar-e-unijui-formam-mais-uma-turma-de-residentes","status":"publish","type":"post","link":"https:\/\/www.fumssar.com.br\/?p=3302","title":{"rendered":"FUMSSAR e UNIJU\u00cd formam mais uma turma de Residentes"},"content":{"rendered":"<p>Uma cerim\u00f4nia realizada na noite desta quarta-feira, 21, marcou o encerramento da 4\u00aa Turma de Resid\u00eancia Multiprofissional em Sa\u00fade da Fam\u00edlia. A Funda\u00e7\u00e3o Municipal de Sa\u00fade de Santa Rosa -FUMSSAR e a Universidade Regional do Noroeste do Rio Grande do Sul- UNIJU\u00cd mant\u00e9m uma parceria que com recursos do Minist\u00e9rio da Sa\u00fade mant\u00e9m o programa que forma especialistas das diversas \u00e1reas profissionais no Sistema \u00danico de Sa\u00fade.<\/p>\n<p>A resid\u00eancia prev\u00ea dois anos de estudos e atividades na rede b\u00e1sica de sa\u00fade do munic\u00edpio,e o MS repassa uma bolsa de estudos aos residentes.<br \/>\nFalando em nome dos formandos a residente Luana Maron descreveu a trajet\u00f3ria do grupo, destacando que a dedica\u00e7\u00e3o durante os dois anos do curso \u00e9 muito importante uma vez que s\u00e3o muitas atividades desenvolvidas,desde estudos,atua\u00e7\u00f5es dentro das unidades fazendo com que os participantes envolvam-se diretamente com o prop\u00f3sito oferecido. \u201c Deixamos de viver muitas situa\u00e7\u00f5es,como a fam\u00edlia, divers\u00e3o mas valeu apena\u201d ressaltou Luana. O Pr\u00f3-reitor da UNIJU\u00cd o Professor Ariosto Sparemberger afirmou que a parceria entre as duas institui\u00e7\u00f5es credencia a forma\u00e7\u00e3o de \u00f3timos profissionais, uma vez que os a forma\u00e7\u00e3o de qualidade da universidade e a pr\u00e1tica oferecida na rede b\u00e1sica de sa\u00fade de Santa Rosa,ofertam subs\u00eddios aos residentes.<\/p>\n<p>O Presidente da FUMSSAR, Dr. Lu\u00eds Ant\u00f4nio Benvegn\u00fa destacou a import\u00e2ncia da forma\u00e7\u00e3o dos profissionais, relatando a trajet\u00f3ria para a conquista da resid\u00eancia em Santa Rosa. Para ele o momento merece muita comemora\u00e7\u00e3o pois s\u00e3o mais profissionais especialistas em sa\u00fade da fam\u00edlia aqui em Santa Rosa que ir\u00e3o atuar em diversos locais do pa\u00eds, destacando que levar\u00e3o conhecimentos de um sistema p\u00fablico de sa\u00fade que funciona muito bem e que tem reconhecimento em locais muito distantes. Autoridades, lideran\u00e7as familiares acompanharam a solenidade nas depend\u00eancias do audit\u00f3rio da FUMSSAR.<\/p>\n","protected":false},"excerpt":{"rendered":"<p>Uma cerim\u00f4nia realizada na noite desta quarta-feira, 21, marcou o encerramento da 4\u00aa Turma de&#8230;<\/p>\n","protected":false},"author":11,"featured_media":3303,"comment_status":"open","ping_status":"open","sticky":false,"template":"","format":"standard","meta":{"footnotes":""},"categories":[2],"tags":[],"_links":{"self":[{"href":"https:\/\/www.fumssar.com.br\/index.php?rest_route=\/wp\/v2\/posts\/3302"}],"collection":[{"href":"https:\/\/www.fumssar.com.br\/index.php?rest_route=\/wp\/v2\/posts"}],"about":[{"href":"https:\/\/www.fumssar.com.br\/index.php?rest_route=\/wp\/v2\/types\/post"}],"author":[{"embeddable":true,"href":"https:\/\/www.fumssar.com.br\/index.php?rest_route=\/wp\/v2\/users\/11"}],"replies":[{"embeddable":true,"href":"https:\/\/www.fumssar.com.br\/index.php?rest_route=%2Fwp%2Fv2%2Fcomments&post=3302"}],"version-history":[{"count":1,"href":"https:\/\/www.fumssar.com.br\/index.php?rest_route=\/wp\/v2\/posts\/3302\/revisions"}],"predecessor-version":[{"id":3304,"href":"https:\/\/www.fumssar.com.br\/index.php?rest_route=\/wp\/v2\/posts\/3302\/revisions\/3304"}],"wp:featuredmedia":[{"embeddable":true,"href":"https:\/\/www.fumssar.com.br\/index.php?rest_route=\/wp\/v2\/media\/3303"}],"wp:attachment":[{"href":"https:\/\/www.fumssar.com.br\/index.php?rest_route=%2Fwp%2Fv2%2Fmedia&parent=3302"}],"wp:term":[{"taxonomy":"category","embeddable":true,"href":"https:\/\/www.fumssar.com.br\/index.php?rest_route=%2Fwp%2Fv2%2Fcategories&post=3302"},{"taxonomy":"post_tag","embeddable":true,"href":"https:\/\/www.fumssar.com.br\/index.php?rest_route=%2Fwp%2Fv2%2Ftags&post=3302"}],"curies":[{"name":"wp","href":"https:\/\/api.w.org\/{rel}","templated":true}]}}