{"id":3294,"date":"2015-01-21T10:22:07","date_gmt":"2015-01-21T13:22:07","guid":{"rendered":"http:\/\/www.fumssar.com.br\/?p=3294"},"modified":"2024-10-07T16:36:01","modified_gmt":"2024-10-07T19:36:01","slug":"fumssar-integra-as-informacoes-com-o-e-sus","status":"publish","type":"post","link":"https:\/\/www.fumssar.com.br\/?p=3294","title":{"rendered":"FUMSSAR integra as informa\u00e7\u00f5es com o E SUS"},"content":{"rendered":"<p>Todos os atendimentos realizados pela Funda\u00e7\u00e3o Municipal de Sa\u00fade de Santa Rosa est\u00e3o sendo registrados no Sistema Local de Gest\u00e3o P\u00fablica-IPM e integrados ao Sistema de Informa\u00e7\u00e3o do Minist\u00e9rio da Sa\u00fade chamado E SUS. O E SUS foi recentemente implantado em todo o Brasil consiste no registro digital de todos os atendimentos do SUS. Para que o registro dos atendimentos sejam efetuados e informados corretamente ao Minist\u00e9rio da Sa\u00fade, \u00e9 necess\u00e1rio \u00e0 identifica\u00e7\u00e3o das pessoas atrav\u00e9s do Cart\u00e3o SUS. Em todos os locais de atendimentos da FUMSSAR \u00e9 necess\u00e1ria a apresenta\u00e7\u00e3o da Carteira de Identidade, CPF, o Cart\u00e3o SUS, comprovante de resid\u00eancia e telefone atualizados a todas as pessoas desde rec\u00e9m-nascidos at\u00e9 idosos. Nas \u00e1reas atendidas pelos agentes comunit\u00e1rios de sa\u00fade, estes profissionais ir\u00e3o fazer a confer\u00eancia do cadastro de cada pessoa da fam\u00edlia e a apresenta\u00e7\u00e3o dos documentos \u00e9 obrigat\u00f3ria. \u00a0Os agentes comunit\u00e1rios de sa\u00fade durante as visitas s\u00e3o identificados com uniforme e crach\u00e1 da FUMSSAR. \u00c9 importante que os documentos pessoais durante as visitas dos agentes e nos atendimentos em todos os servi\u00e7os da FUMSSAR sejam disponibilizados para que registros mantenham-se atualizados.<\/p>\n<p>Documentos necess\u00e1rios atendimento na FUMSSAR e apresenta\u00e7\u00e3o ao Agente Comunit\u00e1rio de Sa\u00fade: Carteira de Identidade, CPF, Cart\u00e3o SUS, Comprovante de resid\u00eancia e n\u00famero de telefone.<\/p>\n<p>&nbsp;<\/p>\n","protected":false},"excerpt":{"rendered":"<p>Todos os atendimentos realizados pela Funda\u00e7\u00e3o Municipal de Sa\u00fade de Santa Rosa est\u00e3o sendo registrados&#8230;<\/p>\n","protected":false},"author":11,"featured_media":3295,"comment_status":"open","ping_status":"open","sticky":false,"template":"","format":"standard","meta":{"footnotes":""},"categories":[2],"tags":[],"_links":{"self":[{"href":"https:\/\/www.fumssar.com.br\/index.php?rest_route=\/wp\/v2\/posts\/3294"}],"collection":[{"href":"https:\/\/www.fumssar.com.br\/index.php?rest_route=\/wp\/v2\/posts"}],"about":[{"href":"https:\/\/www.fumssar.com.br\/index.php?rest_route=\/wp\/v2\/types\/post"}],"author":[{"embeddable":true,"href":"https:\/\/www.fumssar.com.br\/index.php?rest_route=\/wp\/v2\/users\/11"}],"replies":[{"embeddable":true,"href":"https:\/\/www.fumssar.com.br\/index.php?rest_route=%2Fwp%2Fv2%2Fcomments&post=3294"}],"version-history":[{"count":1,"href":"https:\/\/www.fumssar.com.br\/index.php?rest_route=\/wp\/v2\/posts\/3294\/revisions"}],"predecessor-version":[{"id":3296,"href":"https:\/\/www.fumssar.com.br\/index.php?rest_route=\/wp\/v2\/posts\/3294\/revisions\/3296"}],"wp:featuredmedia":[{"embeddable":true,"href":"https:\/\/www.fumssar.com.br\/index.php?rest_route=\/wp\/v2\/media\/3295"}],"wp:attachment":[{"href":"https:\/\/www.fumssar.com.br\/index.php?rest_route=%2Fwp%2Fv2%2Fmedia&parent=3294"}],"wp:term":[{"taxonomy":"category","embeddable":true,"href":"https:\/\/www.fumssar.com.br\/index.php?rest_route=%2Fwp%2Fv2%2Fcategories&post=3294"},{"taxonomy":"post_tag","embeddable":true,"href":"https:\/\/www.fumssar.com.br\/index.php?rest_route=%2Fwp%2Fv2%2Ftags&post=3294"}],"curies":[{"name":"wp","href":"https:\/\/api.w.org\/{rel}","templated":true}]}}