{"id":32140,"date":"2026-09-03T09:53:57","date_gmt":"2026-09-03T12:53:57","guid":{"rendered":"https:\/\/www.fumssar.com.br\/?p=32140"},"modified":"2026-09-03T09:53:58","modified_gmt":"2026-09-03T12:53:58","slug":"setembro-amarelo-tera-programacao-especial-em-santa-rosa","status":"publish","type":"post","link":"https:\/\/www.fumssar.com.br\/?p=32140","title":{"rendered":"Setembro Amarelo ter\u00e1 programa\u00e7\u00e3o especial em Santa Rosa"},"content":{"rendered":"\n<figure class=\"wp-block-image size-large\"><a href=\"https:\/\/www.fumssar.com.br\/wp-content\/uploads\/2026\/09\/Formato-Portal-do-Cidadao-1600X1080JPG-2026-09-03T095117.333.jpg\"><img loading=\"lazy\" decoding=\"async\" width=\"1024\" height=\"691\" src=\"https:\/\/www.fumssar.com.br\/wp-content\/uploads\/2026\/09\/Formato-Portal-do-Cidadao-1600X1080JPG-2026-09-03T095117.333-1024x691.jpg\" alt=\"\" class=\"wp-image-32141\" srcset=\"https:\/\/www.fumssar.com.br\/wp-content\/uploads\/2026\/09\/Formato-Portal-do-Cidadao-1600X1080JPG-2026-09-03T095117.333-1024x691.jpg 1024w, https:\/\/www.fumssar.com.br\/wp-content\/uploads\/2026\/09\/Formato-Portal-do-Cidadao-1600X1080JPG-2026-09-03T095117.333-300x203.jpg 300w, https:\/\/www.fumssar.com.br\/wp-content\/uploads\/2026\/09\/Formato-Portal-do-Cidadao-1600X1080JPG-2026-09-03T095117.333-768x518.jpg 768w, https:\/\/www.fumssar.com.br\/wp-content\/uploads\/2026\/09\/Formato-Portal-do-Cidadao-1600X1080JPG-2026-09-03T095117.333-1536x1037.jpg 1536w, https:\/\/www.fumssar.com.br\/wp-content\/uploads\/2026\/09\/Formato-Portal-do-Cidadao-1600X1080JPG-2026-09-03T095117.333.jpg 1600w\" sizes=\"(max-width: 1024px) 100vw, 1024px\" \/><\/a><\/figure>\n\n\n\n<p>Durante o Setembro Amarelo, campanha de preven\u00e7\u00e3o ao suic\u00eddio e de incentivo ao debate sobre sa\u00fade mental, ser\u00e3o intensificadas as a\u00e7\u00f5es desenvolvidas durante todo o ano em Santa Rosa. A programa\u00e7\u00e3o foi divulgada nesta quinta-feira (03), pela FUMSSAR e pela Rede de Aten\u00e7\u00e3o Psicossocial (RAPS). As atividades v\u00e3o envolver bate-papos, palestras, a\u00e7\u00f5es nas Unidades B\u00e1sicas de Sa\u00fade e nos Centros de Aten\u00e7\u00e3o Psicossocial (CAPS). Tamb\u00e9m est\u00e3o previstas a\u00e7\u00f5es espec\u00edficas para jovens e adolescentes em escolas do munic\u00edpio.<\/p>\n\n\n\n<p>A programa\u00e7\u00e3o inicia no dia 6 de setembro, com o Dia Amarelo, no Parque de Exposi\u00e7\u00f5es, \u00e0s 13h30. Segundo a Gerente da RAPS, Fl\u00e1via Albuquerque, a programa\u00e7\u00e3o busca ampliar o di\u00e1logo sobre sa\u00fade mental e fortalecer os espa\u00e7os de acolhimento, \u201cO Setembro Amarelo refor\u00e7a que cuidar da sa\u00fade mental precisa fazer parte da nossa rotina. Queremos levar informa\u00e7\u00e3o, escuta e acolhimento para diferentes espa\u00e7os, aproximando os servi\u00e7os da popula\u00e7\u00e3o\u201d.<\/p>\n\n\n\n<p>Para encerrar o m\u00eas, no dia 30, haver\u00e1 a\u00e7\u00f5es sobre sa\u00fade mental no SENAI, \u00e0s 8h e \u00e0s 14h. A programa\u00e7\u00e3o completa pode ser conferida nas p\u00e1ginas oficiais da FUMSSAR e da Prefeitura de Santa Rosa.<\/p>\n","protected":false},"excerpt":{"rendered":"<p>Durante o Setembro Amarelo, campanha de preven\u00e7\u00e3o ao suic\u00eddio e de incentivo ao debate sobre&#8230;<\/p>\n","protected":false},"author":36,"featured_media":32142,"comment_status":"closed","ping_status":"closed","sticky":false,"template":"","format":"standard","meta":{"footnotes":""},"categories":[1],"tags":[],"_links":{"self":[{"href":"https:\/\/www.fumssar.com.br\/index.php?rest_route=\/wp\/v2\/posts\/32140"}],"collection":[{"href":"https:\/\/www.fumssar.com.br\/index.php?rest_route=\/wp\/v2\/posts"}],"about":[{"href":"https:\/\/www.fumssar.com.br\/index.php?rest_route=\/wp\/v2\/types\/post"}],"author":[{"embeddable":true,"href":"https:\/\/www.fumssar.com.br\/index.php?rest_route=\/wp\/v2\/users\/36"}],"replies":[{"embeddable":true,"href":"https:\/\/www.fumssar.com.br\/index.php?rest_route=%2Fwp%2Fv2%2Fcomments&post=32140"}],"version-history":[{"count":1,"href":"https:\/\/www.fumssar.com.br\/index.php?rest_route=\/wp\/v2\/posts\/32140\/revisions"}],"predecessor-version":[{"id":32143,"href":"https:\/\/www.fumssar.com.br\/index.php?rest_route=\/wp\/v2\/posts\/32140\/revisions\/32143"}],"wp:featuredmedia":[{"embeddable":true,"href":"https:\/\/www.fumssar.com.br\/index.php?rest_route=\/wp\/v2\/media\/32142"}],"wp:attachment":[{"href":"https:\/\/www.fumssar.com.br\/index.php?rest_route=%2Fwp%2Fv2%2Fmedia&parent=32140"}],"wp:term":[{"taxonomy":"category","embeddable":true,"href":"https:\/\/www.fumssar.com.br\/index.php?rest_route=%2Fwp%2Fv2%2Fcategories&post=32140"},{"taxonomy":"post_tag","embeddable":true,"href":"https:\/\/www.fumssar.com.br\/index.php?rest_route=%2Fwp%2Fv2%2Ftags&post=32140"}],"curies":[{"name":"wp","href":"https:\/\/api.w.org\/{rel}","templated":true}]}}