{"id":32131,"date":"2026-09-01T14:42:38","date_gmt":"2026-09-01T17:42:38","guid":{"rendered":"https:\/\/www.fumssar.com.br\/?p=32131"},"modified":"2026-09-01T14:42:38","modified_gmt":"2026-09-01T17:42:38","slug":"pregao-presencial-04-2026","status":"publish","type":"post","link":"https:\/\/www.fumssar.com.br\/?p=32131","title":{"rendered":"Preg\u00e3o Presencial 04\/2026"},"content":{"rendered":"\n<p>FUNDA\u00c7\u00c3O MUNICIPAL DE SA\u00daDE DE SANTA ROSA &#8211; FUMSSAR<br>AVISO DE LICITA\u00c7\u00c3O<br>A Funda\u00e7\u00e3o Municipal de Sa\u00fade de Santa Rosa torna p\u00fablico que, nos termos da Lei n\u00ba 14.133\/2021, realizar\u00e1 conforme segue: Preg\u00e3o Presencial 04\/2026 &#8211; Objeto: Contrata\u00e7\u00e3o de servi\u00e7os de transporte individual de passageiros via aplicativo, e servi\u00e7os de transporte e remo\u00e7\u00e3o de pacientes em ambul\u00e2ncia. <strong>Data de Abertura: 21\/09\/2026 \u00e0s 08h30min<\/strong>\u2013 Audit\u00f3rio da FUMSSAR, 2\u00ba Piso, localizado na Rua Dr.Francisco Timm, n\u00ba 480, Santa Rosa\/RS.<br>O edital em seu teor encontra-se a disposi\u00e7\u00e3o na Se\u00e7\u00e3o de Material e Patrim\u00f4nio. Telefone para contato: (55)3513-5150 e no site: www.fumssar.com.br<br>Santa Rosa, 01 de setembro de 2026.<br>D\u00e9lcio Stefan<br>Presidente da FUMSSAR<\/p>\n\n\n\n<div data-wp-interactive=\"core\/file\" class=\"wp-block-file\"><object data-wp-bind--hidden=\"!state.hasPdfPreview\"  class=\"wp-block-file__embed\" data=\"https:\/\/www.fumssar.com.br\/wp-content\/uploads\/2026\/09\/Edital-PP-04.2026-Processo38032-2026-Aplicativo-de-transporte-por-app-e-ambulancia.pdf\" type=\"application\/pdf\" style=\"width:100%;height:600px\" aria-label=\"Incorporado de Edital-PP-04.2026-Processo38032-2026-Aplicativo-de-transporte-por-app-e-ambulancia.\"><\/object><a id=\"wp-block-file--media-ada9da8f-a0d3-4ba6-aacf-fe4911304008\" href=\"https:\/\/www.fumssar.com.br\/wp-content\/uploads\/2026\/09\/Edital-PP-04.2026-Processo38032-2026-Aplicativo-de-transporte-por-app-e-ambulancia.pdf\">Edital-PP-04.2026-Processo38032-2026-Aplicativo-de-transporte-por-app-e-ambulancia<\/a><a href=\"https:\/\/www.fumssar.com.br\/wp-content\/uploads\/2026\/09\/Edital-PP-04.2026-Processo38032-2026-Aplicativo-de-transporte-por-app-e-ambulancia.pdf\" class=\"wp-block-file__button wp-element-button\" download aria-describedby=\"wp-block-file--media-ada9da8f-a0d3-4ba6-aacf-fe4911304008\">Baixar<\/a><\/div>\n","protected":false},"excerpt":{"rendered":"<p>FUNDA\u00c7\u00c3O MUNICIPAL DE SA\u00daDE DE SANTA ROSA &#8211; FUMSSARAVISO DE LICITA\u00c7\u00c3OA Funda\u00e7\u00e3o Municipal de Sa\u00fade&#8230;<\/p>\n","protected":false},"author":30,"featured_media":0,"comment_status":"open","ping_status":"open","sticky":false,"template":"","format":"standard","meta":{"footnotes":""},"categories":[282],"tags":[],"_links":{"self":[{"href":"https:\/\/www.fumssar.com.br\/index.php?rest_route=\/wp\/v2\/posts\/32131"}],"collection":[{"href":"https:\/\/www.fumssar.com.br\/index.php?rest_route=\/wp\/v2\/posts"}],"about":[{"href":"https:\/\/www.fumssar.com.br\/index.php?rest_route=\/wp\/v2\/types\/post"}],"author":[{"embeddable":true,"href":"https:\/\/www.fumssar.com.br\/index.php?rest_route=\/wp\/v2\/users\/30"}],"replies":[{"embeddable":true,"href":"https:\/\/www.fumssar.com.br\/index.php?rest_route=%2Fwp%2Fv2%2Fcomments&post=32131"}],"version-history":[{"count":1,"href":"https:\/\/www.fumssar.com.br\/index.php?rest_route=\/wp\/v2\/posts\/32131\/revisions"}],"predecessor-version":[{"id":32133,"href":"https:\/\/www.fumssar.com.br\/index.php?rest_route=\/wp\/v2\/posts\/32131\/revisions\/32133"}],"wp:attachment":[{"href":"https:\/\/www.fumssar.com.br\/index.php?rest_route=%2Fwp%2Fv2%2Fmedia&parent=32131"}],"wp:term":[{"taxonomy":"category","embeddable":true,"href":"https:\/\/www.fumssar.com.br\/index.php?rest_route=%2Fwp%2Fv2%2Fcategories&post=32131"},{"taxonomy":"post_tag","embeddable":true,"href":"https:\/\/www.fumssar.com.br\/index.php?rest_route=%2Fwp%2Fv2%2Ftags&post=32131"}],"curies":[{"name":"wp","href":"https:\/\/api.w.org\/{rel}","templated":true}]}}