{"id":3213,"date":"2014-12-23T17:25:40","date_gmt":"2014-12-23T17:25:40","guid":{"rendered":"http:\/\/www.fumssar.com.br\/?p=3213"},"modified":"2024-10-07T16:36:01","modified_gmt":"2024-10-07T19:36:01","slug":"novo-centro-administrativo-da-fumssar-foi-inaugurado","status":"publish","type":"post","link":"https:\/\/www.fumssar.com.br\/?p=3213","title":{"rendered":"Novo Centro Administrativo da FUMSSAR foi inaugurado"},"content":{"rendered":"<p>Em solenidade realizada na manh\u00e3 de ter\u00e7a-feira, 23, o novo Centro Administrativo da Funda\u00e7\u00e3o Municipal de Sa\u00fade foi inaugurado. O evento contou a presen\u00e7a de autoridades locais, regionais e da Secret\u00e1ria Estadual da Sa\u00fade Sandra Fagundes. O pr\u00e9dio com cerca de 1.300 metros quadrados fica na Rua Dr. Francisco Tim em breve estar\u00e1 abrigando toda a parte administrativa da FUMSSAR o Centro de Especialidades e outros setores ligados \u00e0 sa\u00fade. \u00a0O presidente da FUMSSAR Dr. Luiz Ant\u00f4nio Benvegn\u00fa \u00a0fez um breve relato da conquista da obra e destacou os investimentos feitos\u00a0 na edifica\u00e7\u00e3o. O presidente ressaltou que o no pr\u00e9dio estar\u00e1 qualificando ainda mais o trabalho realizado e desta forma atendendo melhor a popula\u00e7\u00e3o. O Prefeito Alcides Vicini \u00a0frisou \u00a0que \u00e9 mais uma obra que a atual administra\u00e7\u00e3o est\u00e1 entregando \u00e0 comunidade, fruto de um trabalho bem realizado\u00a0 com a aplica\u00e7\u00e3o correta de recursos. A Secretaria Sandra Fagundes fez um breve relato dos investimentos na \u00e1rea de sa\u00fade do atual governo do estado. Sandra elogiou a sa\u00fade de Santa Rosa\u00a0 destacando que segundo ela serve de modelo para o pa\u00eds. Al\u00e9m da inaugura\u00e7\u00e3o a secret\u00e1ria \u00a0fez visitas \u00e0s futuras instala\u00e7\u00f5es do CER- centro Especializado em Reabilita\u00e7\u00e3o a UPA e o Hospital da ABOSCO.<a href=\"http:\/\/www.fumssar.com.br\/wp-content\/uploads\/2014\/12\/inaugura\u00e7\u00e3o-predio-2.jpg\"><img loading=\"lazy\" decoding=\"async\" class=\"alignnone size-medium wp-image-3218\" alt=\"inaugura\u00e7\u00e3o predio 2\" src=\"http:\/\/www.fumssar.com.br\/wp-content\/uploads\/2014\/12\/inaugura\u00e7\u00e3o-predio-2-300x225.jpg\" width=\"300\" height=\"225\" srcset=\"https:\/\/www.fumssar.com.br\/wp-content\/uploads\/2014\/12\/inaugura\u00e7\u00e3o-predio-2-300x225.jpg 300w, https:\/\/www.fumssar.com.br\/wp-content\/uploads\/2014\/12\/inaugura\u00e7\u00e3o-predio-2.jpg 640w\" sizes=\"(max-width: 300px) 100vw, 300px\" \/><\/a><\/p>\n","protected":false},"excerpt":{"rendered":"<p>Em solenidade realizada na manh\u00e3 de ter\u00e7a-feira, 23, o novo Centro Administrativo da Funda\u00e7\u00e3o Municipal&#8230;<\/p>\n","protected":false},"author":11,"featured_media":3215,"comment_status":"open","ping_status":"open","sticky":false,"template":"","format":"standard","meta":{"footnotes":""},"categories":[2],"tags":[],"_links":{"self":[{"href":"https:\/\/www.fumssar.com.br\/index.php?rest_route=\/wp\/v2\/posts\/3213"}],"collection":[{"href":"https:\/\/www.fumssar.com.br\/index.php?rest_route=\/wp\/v2\/posts"}],"about":[{"href":"https:\/\/www.fumssar.com.br\/index.php?rest_route=\/wp\/v2\/types\/post"}],"author":[{"embeddable":true,"href":"https:\/\/www.fumssar.com.br\/index.php?rest_route=\/wp\/v2\/users\/11"}],"replies":[{"embeddable":true,"href":"https:\/\/www.fumssar.com.br\/index.php?rest_route=%2Fwp%2Fv2%2Fcomments&post=3213"}],"version-history":[{"count":3,"href":"https:\/\/www.fumssar.com.br\/index.php?rest_route=\/wp\/v2\/posts\/3213\/revisions"}],"predecessor-version":[{"id":3225,"href":"https:\/\/www.fumssar.com.br\/index.php?rest_route=\/wp\/v2\/posts\/3213\/revisions\/3225"}],"wp:featuredmedia":[{"embeddable":true,"href":"https:\/\/www.fumssar.com.br\/index.php?rest_route=\/wp\/v2\/media\/3215"}],"wp:attachment":[{"href":"https:\/\/www.fumssar.com.br\/index.php?rest_route=%2Fwp%2Fv2%2Fmedia&parent=3213"}],"wp:term":[{"taxonomy":"category","embeddable":true,"href":"https:\/\/www.fumssar.com.br\/index.php?rest_route=%2Fwp%2Fv2%2Fcategories&post=3213"},{"taxonomy":"post_tag","embeddable":true,"href":"https:\/\/www.fumssar.com.br\/index.php?rest_route=%2Fwp%2Fv2%2Ftags&post=3213"}],"curies":[{"name":"wp","href":"https:\/\/api.w.org\/{rel}","templated":true}]}}