{"id":32127,"date":"2026-08-31T10:53:21","date_gmt":"2026-08-31T13:53:21","guid":{"rendered":"https:\/\/www.fumssar.com.br\/?p=32127"},"modified":"2026-08-31T10:53:22","modified_gmt":"2026-08-31T13:53:22","slug":"aviso-de-recebimento-de-proposta-2","status":"publish","type":"post","link":"https:\/\/www.fumssar.com.br\/?p=32127","title":{"rendered":"AVISO DE RECEBIMENTO DE PROPOSTA"},"content":{"rendered":"\n<p>DISPENSA DE LICITA\u00c7\u00c3O 56\/2026<br><br>Funda\u00e7\u00e3o Municipal de Sa\u00fade, atrav\u00e9s da Se\u00e7\u00e3o Material e Patrim\u00f4nio informa que estar\u00e1 recebendo propostas para o processo n\u00b0 48420\/2026 \u2013 Dispensa de Licita\u00e7\u00e3o para Aquisi\u00e7\u00e3o de divis\u00f3rias e portas internas instaladas, para reforma em sala de atendimento no CAPS Infanto Juvenil. Or\u00e7amentos ser\u00e3o recebidos do dia 31\/08\/2026 at\u00e9 \u00e0s 17h30min do dia 04\/09\/2026. Para maiores informa\u00e7\u00f5es, contatar a Se\u00e7\u00e3o de Compras no e-mail: smp@fumssar.com.br ou Whatsapp 55 99967-8007.<br>Santa Rosa, 31 de agosto de 2026.<br><br>Mariane In\u00eas Steiger da Costa<br>Chefe da Se\u00e7\u00e3o de Material e Patrim\u00f4nio<br>FUMSSAR<\/p>\n\n\n\n<div data-wp-interactive=\"core\/file\" class=\"wp-block-file\"><object data-wp-bind--hidden=\"!state.hasPdfPreview\"  class=\"wp-block-file__embed\" data=\"https:\/\/www.fumssar.com.br\/wp-content\/uploads\/2026\/08\/REQUISICAO-293.pdf\" type=\"application\/pdf\" style=\"width:100%;height:600px\" aria-label=\"Incorporado de REQUISICAO-293.\"><\/object><a id=\"wp-block-file--media-a0877e57-4c38-4fa8-93c5-9b48fed07181\" href=\"https:\/\/www.fumssar.com.br\/wp-content\/uploads\/2026\/08\/REQUISICAO-293.pdf\">REQUISICAO-293<\/a><a href=\"https:\/\/www.fumssar.com.br\/wp-content\/uploads\/2026\/08\/REQUISICAO-293.pdf\" class=\"wp-block-file__button wp-element-button\" download aria-describedby=\"wp-block-file--media-a0877e57-4c38-4fa8-93c5-9b48fed07181\">Baixar<\/a><\/div>\n","protected":false},"excerpt":{"rendered":"<p>DISPENSA DE LICITA\u00c7\u00c3O 56\/2026 Funda\u00e7\u00e3o Municipal de Sa\u00fade, atrav\u00e9s da Se\u00e7\u00e3o Material e Patrim\u00f4nio informa&#8230;<\/p>\n","protected":false},"author":30,"featured_media":0,"comment_status":"open","ping_status":"open","sticky":false,"template":"","format":"standard","meta":{"footnotes":""},"categories":[279],"tags":[],"_links":{"self":[{"href":"https:\/\/www.fumssar.com.br\/index.php?rest_route=\/wp\/v2\/posts\/32127"}],"collection":[{"href":"https:\/\/www.fumssar.com.br\/index.php?rest_route=\/wp\/v2\/posts"}],"about":[{"href":"https:\/\/www.fumssar.com.br\/index.php?rest_route=\/wp\/v2\/types\/post"}],"author":[{"embeddable":true,"href":"https:\/\/www.fumssar.com.br\/index.php?rest_route=\/wp\/v2\/users\/30"}],"replies":[{"embeddable":true,"href":"https:\/\/www.fumssar.com.br\/index.php?rest_route=%2Fwp%2Fv2%2Fcomments&post=32127"}],"version-history":[{"count":1,"href":"https:\/\/www.fumssar.com.br\/index.php?rest_route=\/wp\/v2\/posts\/32127\/revisions"}],"predecessor-version":[{"id":32129,"href":"https:\/\/www.fumssar.com.br\/index.php?rest_route=\/wp\/v2\/posts\/32127\/revisions\/32129"}],"wp:attachment":[{"href":"https:\/\/www.fumssar.com.br\/index.php?rest_route=%2Fwp%2Fv2%2Fmedia&parent=32127"}],"wp:term":[{"taxonomy":"category","embeddable":true,"href":"https:\/\/www.fumssar.com.br\/index.php?rest_route=%2Fwp%2Fv2%2Fcategories&post=32127"},{"taxonomy":"post_tag","embeddable":true,"href":"https:\/\/www.fumssar.com.br\/index.php?rest_route=%2Fwp%2Fv2%2Ftags&post=32127"}],"curies":[{"name":"wp","href":"https:\/\/api.w.org\/{rel}","templated":true}]}}