{"id":31589,"date":"2026-04-28T13:37:41","date_gmt":"2026-04-28T16:37:41","guid":{"rendered":"https:\/\/www.fumssar.com.br\/?p=31589"},"modified":"2026-04-29T13:38:24","modified_gmt":"2026-04-29T16:38:24","slug":"centro-macrorregional-do-tea-promove-grupo-de-apoio-e-escuta-para-familiares-de-autistas","status":"publish","type":"post","link":"https:\/\/www.fumssar.com.br\/?p=31589","title":{"rendered":"Centro Macrorregional do TEA promove grupo de apoio e escuta para familiares de autistas"},"content":{"rendered":"\n<figure class=\"wp-block-image size-large\"><a href=\"https:\/\/www.fumssar.com.br\/wp-content\/uploads\/2026\/04\/WhatsApp-Image-2026-04-28-at-16.07.46.jpeg\"><img loading=\"lazy\" decoding=\"async\" width=\"1024\" height=\"768\" src=\"https:\/\/www.fumssar.com.br\/wp-content\/uploads\/2026\/04\/WhatsApp-Image-2026-04-28-at-16.07.46-1024x768.jpeg\" alt=\"\" class=\"wp-image-31590\" srcset=\"https:\/\/www.fumssar.com.br\/wp-content\/uploads\/2026\/04\/WhatsApp-Image-2026-04-28-at-16.07.46-1024x768.jpeg 1024w, https:\/\/www.fumssar.com.br\/wp-content\/uploads\/2026\/04\/WhatsApp-Image-2026-04-28-at-16.07.46-300x225.jpeg 300w, https:\/\/www.fumssar.com.br\/wp-content\/uploads\/2026\/04\/WhatsApp-Image-2026-04-28-at-16.07.46-768x576.jpeg 768w, https:\/\/www.fumssar.com.br\/wp-content\/uploads\/2026\/04\/WhatsApp-Image-2026-04-28-at-16.07.46.jpeg 1280w\" sizes=\"(max-width: 1024px) 100vw, 1024px\" \/><\/a><\/figure>\n\n\n\n<p>Encontros quinzenais buscam fortalecer a rede de cuidado, oferecendo suporte emocional e orienta\u00e7\u00f5es t\u00e9cnicas para familiares de autistas em Santa Rosa. O diagn\u00f3stico do Transtorno do Espectro Autista (TEA) impacta n\u00e3o apenas a crian\u00e7a ou o jovem, mas toda a estrutura familiar. Compreendendo que &#8220;quem cuida tamb\u00e9m precisa de cuidado&#8221;, o servi\u00e7o Macrorregional do Tea no munic\u00edpio realiza, quinzenalmente, o Grupo de Escuta e Apoio, um espa\u00e7o dedicado exclusivamente aos familiares e cuidadores.<\/p>\n\n\n\n<p>Os encontros acontecem nas segundas-feiras e s\u00e3o conduzidos por uma equipe multiprofissional. Diferente de uma palestra convencional, o grupo funciona como um momento terap\u00eautico e de autocuidado, onde o compartilhamento de experi\u00eancias \u00e9 o fio condutor. A gerente da Rede de Aten\u00e7\u00e3o Psicossocial de Santa Rosa (RAPS), psic\u00f3loga Fl\u00e1via Albuquerque, destaca que o trabalho busca auxiliar no desenvolvimento do indiv\u00edduo autista e no bem-estar da fam\u00edlia, &#8220;Nosso objetivo \u00e9 proporcionar um ambiente seguro onde as fam\u00edlias possam compartilhar experi\u00eancias, aprender e, acima de tudo, sentir-se acolhidas e compreendidas&#8221;.<\/p>\n\n\n\n<p>O grande diferencial do grupo est\u00e1 na oportunidade da fala dos familiares. Ao ouvir outras fam\u00edlias que enfrentam desafios semelhantes, o cuidador percebe que n\u00e3o est\u00e1 sozinho, fortalecendo sua resili\u00eancia e sa\u00fade mental.<\/p>\n","protected":false},"excerpt":{"rendered":"<p>Encontros quinzenais buscam fortalecer a rede de cuidado, oferecendo suporte emocional e orienta\u00e7\u00f5es t\u00e9cnicas para&#8230;<\/p>\n","protected":false},"author":36,"featured_media":31591,"comment_status":"open","ping_status":"open","sticky":false,"template":"","format":"standard","meta":{"footnotes":""},"categories":[2],"tags":[],"_links":{"self":[{"href":"https:\/\/www.fumssar.com.br\/index.php?rest_route=\/wp\/v2\/posts\/31589"}],"collection":[{"href":"https:\/\/www.fumssar.com.br\/index.php?rest_route=\/wp\/v2\/posts"}],"about":[{"href":"https:\/\/www.fumssar.com.br\/index.php?rest_route=\/wp\/v2\/types\/post"}],"author":[{"embeddable":true,"href":"https:\/\/www.fumssar.com.br\/index.php?rest_route=\/wp\/v2\/users\/36"}],"replies":[{"embeddable":true,"href":"https:\/\/www.fumssar.com.br\/index.php?rest_route=%2Fwp%2Fv2%2Fcomments&post=31589"}],"version-history":[{"count":1,"href":"https:\/\/www.fumssar.com.br\/index.php?rest_route=\/wp\/v2\/posts\/31589\/revisions"}],"predecessor-version":[{"id":31592,"href":"https:\/\/www.fumssar.com.br\/index.php?rest_route=\/wp\/v2\/posts\/31589\/revisions\/31592"}],"wp:featuredmedia":[{"embeddable":true,"href":"https:\/\/www.fumssar.com.br\/index.php?rest_route=\/wp\/v2\/media\/31591"}],"wp:attachment":[{"href":"https:\/\/www.fumssar.com.br\/index.php?rest_route=%2Fwp%2Fv2%2Fmedia&parent=31589"}],"wp:term":[{"taxonomy":"category","embeddable":true,"href":"https:\/\/www.fumssar.com.br\/index.php?rest_route=%2Fwp%2Fv2%2Fcategories&post=31589"},{"taxonomy":"post_tag","embeddable":true,"href":"https:\/\/www.fumssar.com.br\/index.php?rest_route=%2Fwp%2Fv2%2Ftags&post=31589"}],"curies":[{"name":"wp","href":"https:\/\/api.w.org\/{rel}","templated":true}]}}