{"id":31581,"date":"2026-04-27T07:54:54","date_gmt":"2026-04-27T10:54:54","guid":{"rendered":"https:\/\/www.fumssar.com.br\/?p=31581"},"modified":"2026-04-28T07:56:47","modified_gmt":"2026-04-28T10:56:47","slug":"caps-novo-rumo-promove-grupo-de-uso-racional-de-medicamentos-em-santa-rosa","status":"publish","type":"post","link":"https:\/\/www.fumssar.com.br\/?p=31581","title":{"rendered":"CAPS Novo Rumo promove grupo de uso racional de medicamentos em Santa Rosa"},"content":{"rendered":"\n<figure class=\"wp-block-image size-large\"><a href=\"https:\/\/www.fumssar.com.br\/wp-content\/uploads\/2026\/04\/WhatsApp-Image-2026-04-27-at-16.22.33.jpeg\"><img loading=\"lazy\" decoding=\"async\" width=\"1024\" height=\"768\" src=\"https:\/\/www.fumssar.com.br\/wp-content\/uploads\/2026\/04\/WhatsApp-Image-2026-04-27-at-16.22.33-1024x768.jpeg\" alt=\"\" class=\"wp-image-31582\" srcset=\"https:\/\/www.fumssar.com.br\/wp-content\/uploads\/2026\/04\/WhatsApp-Image-2026-04-27-at-16.22.33-1024x768.jpeg 1024w, https:\/\/www.fumssar.com.br\/wp-content\/uploads\/2026\/04\/WhatsApp-Image-2026-04-27-at-16.22.33-300x225.jpeg 300w, https:\/\/www.fumssar.com.br\/wp-content\/uploads\/2026\/04\/WhatsApp-Image-2026-04-27-at-16.22.33-768x576.jpeg 768w, https:\/\/www.fumssar.com.br\/wp-content\/uploads\/2026\/04\/WhatsApp-Image-2026-04-27-at-16.22.33.jpeg 1156w\" sizes=\"(max-width: 1024px) 100vw, 1024px\" \/><\/a><\/figure>\n\n\n\n<p>A Prefeitura de Santa Rosa, por meio da Funda\u00e7\u00e3o Municipal de Sa\u00fade, deu in\u00edcio a uma nova iniciativa para fortalecer o cuidado em sa\u00fade mental na rede p\u00fablica. O CAPS Novo Rumo agora conta com o grupo de Uso Racional de Medicamentos para atender seus usu\u00e1rios. A atividade \u00e9 coordenada de forma interdisciplinar pelas equipes de enfermagem e farm\u00e1cia da FUMSSAR.<\/p>\n\n\n\n<p>O foco do projeto \u00e9 oferecer conhecimento aos pacientes do Sistema \u00danico de Sa\u00fade no manejo de seus tratamentos di\u00e1rios. O uso racional garante que cada pessoa receba o medicamento adequado \u00e0s suas necessidades cl\u00ednicas e caracter\u00edsticas individuais. No cen\u00e1rio da sa\u00fade mental, essa pr\u00e1tica busca ir muito al\u00e9m da simples ingest\u00e3o de comprimidos. A coordenadora da Rede de Aten\u00e7\u00e3o Psicossocial (RAPS), Fl\u00e1via Albuquerque, destaca o impacto social dessa a\u00e7\u00e3o para a comunidade, &#8220;Nosso objetivo \u00e9 transformar a rela\u00e7\u00e3o do usu\u00e1rio com o tratamento, promovendo autonomia e garantindo que a informa\u00e7\u00e3o seja uma ferramenta de sa\u00fade&#8221;.<\/p>\n\n\n\n<p>Muitas vezes o cidad\u00e3o recebe a prescri\u00e7\u00e3o m\u00e9dica, mas mant\u00e9m d\u00favidas sobre a finalidade de cada subst\u00e2ncia em seu organismo. O grupo trabalha para que o usu\u00e1rio saiba o nome do f\u00e1rmaco e compreenda seu efeito terap\u00eautico no equil\u00edbrio emocional. As reuni\u00f5es explicam como os rem\u00e9dios auxiliam na biologia do corpo de maneira simples e direta.<\/p>\n\n\n\n<p>A iniciativa tamb\u00e9m orienta sobre o reconhecimento de poss\u00edveis efeitos colaterais e a forma correta de lidar com eles. Isso evita que o paciente interrompa o tratamento de forma abrupta e sem a devida orienta\u00e7\u00e3o profissional. O conhecimento compartilhado reduz drasticamente os riscos de automedica\u00e7\u00e3o e intera\u00e7\u00f5es medicamentosas perigosas.<\/p>\n","protected":false},"excerpt":{"rendered":"<p>A Prefeitura de Santa Rosa, por meio da Funda\u00e7\u00e3o Municipal de Sa\u00fade, deu in\u00edcio a&#8230;<\/p>\n","protected":false},"author":36,"featured_media":31583,"comment_status":"closed","ping_status":"closed","sticky":false,"template":"","format":"standard","meta":{"footnotes":""},"categories":[2],"tags":[],"_links":{"self":[{"href":"https:\/\/www.fumssar.com.br\/index.php?rest_route=\/wp\/v2\/posts\/31581"}],"collection":[{"href":"https:\/\/www.fumssar.com.br\/index.php?rest_route=\/wp\/v2\/posts"}],"about":[{"href":"https:\/\/www.fumssar.com.br\/index.php?rest_route=\/wp\/v2\/types\/post"}],"author":[{"embeddable":true,"href":"https:\/\/www.fumssar.com.br\/index.php?rest_route=\/wp\/v2\/users\/36"}],"replies":[{"embeddable":true,"href":"https:\/\/www.fumssar.com.br\/index.php?rest_route=%2Fwp%2Fv2%2Fcomments&post=31581"}],"version-history":[{"count":1,"href":"https:\/\/www.fumssar.com.br\/index.php?rest_route=\/wp\/v2\/posts\/31581\/revisions"}],"predecessor-version":[{"id":31584,"href":"https:\/\/www.fumssar.com.br\/index.php?rest_route=\/wp\/v2\/posts\/31581\/revisions\/31584"}],"wp:featuredmedia":[{"embeddable":true,"href":"https:\/\/www.fumssar.com.br\/index.php?rest_route=\/wp\/v2\/media\/31583"}],"wp:attachment":[{"href":"https:\/\/www.fumssar.com.br\/index.php?rest_route=%2Fwp%2Fv2%2Fmedia&parent=31581"}],"wp:term":[{"taxonomy":"category","embeddable":true,"href":"https:\/\/www.fumssar.com.br\/index.php?rest_route=%2Fwp%2Fv2%2Fcategories&post=31581"},{"taxonomy":"post_tag","embeddable":true,"href":"https:\/\/www.fumssar.com.br\/index.php?rest_route=%2Fwp%2Fv2%2Ftags&post=31581"}],"curies":[{"name":"wp","href":"https:\/\/api.w.org\/{rel}","templated":true}]}}